{"id":1100,"date":"2021-08-07T17:33:29","date_gmt":"2021-08-07T14:33:29","guid":{"rendered":"https:\/\/www.kocapinarnotlarim.com\/?p=1100"},"modified":"2021-08-07T17:33:29","modified_gmt":"2021-08-07T14:33:29","slug":"insanlik-borcunu-odemek","status":"publish","type":"post","link":"https:\/\/www.kocapinarnotlarim.com\/?p=1100","title":{"rendered":"\u0130NSANLIK BORCUNU \u00d6DEMEK"},"content":{"rendered":"<p>\u201c Amca, biy ekmek payas\u0131 veyiy misin&#8230;\u201d<\/p>\n<p>     G\u00fcnd\u00fcz\u00fcn s\u0131cakl\u0131\u011f\u0131yla bir k\u0131sm\u0131 eriyen kar<br \/>\nbirikintilerinin ak\u015fam\u0131n ayaz\u0131nda yeniden donmaya ba\u015flad\u0131\u011f\u0131 , havan\u0131n kararmaya y\u00fcz tuttu\u011fu  o so\u011fuk \u015fubat g\u00fcnlerinden birindeydi. \u0130\u015ften \u00e7\u0131km\u0131\u015f , bir an \u00f6nce s\u0131cak evime ula\u015fman\u0131n tela\u015f\u0131yla \u00e7evreme bakmadan, kay\u0131p d\u00fc\u015fmemek i\u00e7in yaln\u0131zca bast\u0131\u011f\u0131m yere dikkat ederek y\u00fcr\u00fcmeye \u00e7al\u0131\u015f\u0131yordum.  \u00c7ar\u015f\u0131 camiinin duvar\u0131 boyunca ilerlerken birka\u00e7 ad\u0131m arkamdan gelen zor duyulur bir sesle irkildim:  \u201c Amca, biy ekmek payas\u0131  veyiy misin ?\u201d <\/p>\n<p>     D\u00f6n\u00fcp bakt\u0131m&#8230;  Minicik bir k\u0131z \u00e7ocu\u011fuydu. Ancak  \u00fc\u00e7 ya\u015f\u0131nda  olabilirdi. Cami bah\u00e7esinin  duvar\u0131 dibine s\u0131\u011f\u0131nm\u0131\u015f, dondurucu so\u011fuktan korunmas\u0131na yetmeyen incecik giysisi i\u00e7inde iyice b\u00fcz\u00fclm\u00fc\u015ft\u00fc. Titriyordu. Y\u00fcz\u00fc,  elleri mosmordu. Ne yapt\u0131\u011f\u0131n\u0131n bilincinde olmadan dilen- meye \u00e7al\u0131\u015f\u0131yordu. \u00d6n\u00fcnden ge\u00e7ip gidenlerin \u00e7o\u011funa duyuramad\u0131\u011f\u0131 umutsuz, a\u011flamakl\u0131 sesiyle arada bir tekrarl\u0131yordu:  \u201c Amca biy ekmek payas\u0131 veyiy misin ? \u201d<\/p>\n<p>     Ger\u00e7ekten a\u00e7 m\u0131yd\u0131 ? Ger\u00e7ekten ekmek paras\u0131 bile kazanamayan bir ailenin \u00e7ocu\u011fu muydu ?<br \/>\nB\u00f6yle so\u011fuk bir g\u00fcnde, havan\u0131n kararmaya y\u00fcz tuttu\u011fu bu saatte bu k\u00fc\u00e7\u00fcc\u00fck k\u0131z\u0131n kendi iradesiyle  gelip burada dilenmesi her halde m\u00fcmk\u00fcn de\u011fildi.  Birileri taraf\u0131ndan buna zorlanm\u0131\u015f olmal\u0131yd\u0131.  Birilerince getirilip oturtuldu\u011fu, so\u011fuktan b\u00fcz\u00fcl\u00fcp kald\u0131\u011f\u0131 bu duvar dibinde hep ayn\u0131 s\u00f6z\u00fc tekrarlay\u0131p duruyordu:  \u201c Amca, biy ekmek payas\u0131 veyiy misin  ?\u201d<\/p>\n<p>     Bu dondurucu so\u011fukta duvar diplerinde oturtulup dilendirilen kim bilir ka\u00e7 \u00e7ocu\u011fumuz vard\u0131!<br \/>\n     Kim bilir ka\u00e7 aile minicik \u00e7ocuklar\u0131n\u0131 dilendirip ge\u00e7inme \u00e7aresizli\u011finde ya da ahlaki sefaletin-<br \/>\ndeydi. <\/p>\n<p>     O minicik insan yavrusunu o \u015fartlarda eve ekmek getirmeye zorlayan aile ister ger\u00e7ekten \u00e7aresiz isterse duygu s\u00f6m\u00fcr\u00fcs\u00fcyle ge\u00e7inmeyi me\u015fru sayan ve o \u00e7ocu\u011fu buna alet edecek kadar canavarla\u015fm\u0131\u015f bir varl\u0131k olsun, vicdan sahibi insanlar olarak, ulus oldu\u011funu iddia eden toplum olarak  ve demokratik \u2013 laik \u2013 sosyal \u2013 hukuk devleti olarak, o minicik insan yavrusunu o so\u011fukta, o \u00e7aresizlik , o savunmas\u0131zl\u0131k i\u00e7inde b\u0131rakarak, sadece onu oraya oturtan ailesini su\u00e7lay\u0131p, s\u0131rt\u0131m\u0131z\u0131 d\u00f6n\u00fcp gidemeyiz.<\/p>\n<p>Gidemez miyiz ?<\/p>\n<p>Gitmiyor muyuz ?<\/p>\n<p>     Kim bilir ka\u00e7\u0131m\u0131z bu \u00e7ocuklar\u0131 g\u00f6rmezden gelerek  s\u0131cak  evlerimize s\u0131\u011f\u0131nd\u0131k,  s\u0131cak \u00e7orbalar\u0131 m\u0131z\u0131 ka\u015f\u0131klad\u0131k o so\u011fuk \u015fubat ak\u015fam\u0131nda; i\u00e7kimizi yudumlad\u0131k keyifle ya da verdi\u011fi nimetlerden dolay\u0131 el a\u00e7\u0131p Tanr\u0131ya \u015f\u00fck\u00fcrler ettik.  Kim bilir ka\u00e7 politikac\u0131m\u0131z, ka\u00e7 i\u015f adam\u0131m\u0131z o g\u00fcnk\u00fc ba\u015far\u0131lar\u0131n\u0131 e\u015fe dosta \u00f6v\u00fcnerek anlat\u0131p durdu&#8230; <\/p>\n<p>     Olmad\u0131 han\u0131mefendiler;  Olmuyor beyefendiler ! Bu \u00e7ocuklar\u0131m\u0131z\u0131 g\u00f6rmezden  geldi\u011fimiz ya da i\u015fi bir sadakayla ge\u00e7i\u015ftirdi\u011fimiz, onlar\u0131 dilenmeye zorlayan ya\u015fam ko\u015fullar\u0131n\u0131 ortadan kal-d\u0131rmad\u0131\u011f\u0131m\u0131z, o \u00e7ocuklar\u0131n da kendi \u00e7ocuklar\u0131m\u0131z gibi  beslenme, sa\u011fl\u0131k, g\u00fcvenlik ve e\u011fitim hizmetlerinden yararlanmalar\u0131n\u0131 sa\u011flayacak bir d\u00fczenleme i\u00e7in elimizden geleni yapmad\u0131\u011f\u0131m\u0131z, o minicik insan yavrular\u0131na ciddi ciddi sahip \u00e7\u0131kmad\u0131\u011f\u0131m\u0131z s\u00fcrece ne olmaya \u00e7al\u0131\u015f\u0131rsak \u00e7al\u0131\u015fal\u0131m, kendimizi ne kadar \u00f6nemsersek \u00f6nemseyelim,  bilgimize, becerimize, yeteneklerimi ze, servetimize,  r\u00fctbemize, makam\u0131m\u0131za, iktidar\u0131m\u0131za &#8230; ne kadar g\u00fcvenirsek g\u00fcvenelim,  kendimizi kand\u0131rmaktan  ba\u015fka bir \u015fey yapm\u0131\u015f olmay\u0131z.                                                                                                          <\/p>\n<p>     Bu \u00e7ocuklara sahip \u00e7\u0131kmak insanl\u0131k borcumuzdur&#8230; Manava, markete &#8230; bor\u00e7lar\u0131m\u0131z\u0131 elbet \u00f6deyelim;  ama as\u0131l b\u00fcy\u00fck borcumuz insanl\u0131k borcudur.  \u00d6yleyse gelin \u00f6nce  insanl\u0131k borcumuzu \u00f6deyelim. Kendimizi, toplumumuzu ve devletimizi bu \u00e7ocuklara sahip \u00e7\u0131kma konusunda g\u00fcc\u00fcm\u00fczce zorlayal\u0131m. Ancak bunu yaparsak insanca davranm\u0131\u015f oluruz.<\/p>\n","protected":false},"excerpt":{"rendered":"<p>\u201c Amca, biy ekmek payas\u0131 veyiy misin&#8230;\u201d G\u00fcnd\u00fcz\u00fcn s\u0131cakl\u0131\u011f\u0131yla bir k\u0131sm\u0131 eriyen kar birikintilerinin ak\u015fam\u0131n ayaz\u0131nda yeniden donmaya ba\u015flad\u0131\u011f\u0131 , havan\u0131n kararmaya y\u00fcz tuttu\u011fu o so\u011fuk \u015fubat g\u00fcnlerinden birindeydi. \u0130\u015ften \u00e7\u0131km\u0131\u015f , bir an \u00f6nce s\u0131cak evime ula\u015fman\u0131n tela\u015f\u0131yla \u00e7evreme bakmadan, kay\u0131p d\u00fc\u015fmemek i\u00e7in yaln\u0131zca bast\u0131\u011f\u0131m yere dikkat ederek y\u00fcr\u00fcmeye \u00e7al\u0131\u015f\u0131yordum. \u00c7ar\u015f\u0131 camiinin duvar\u0131 boyunca [&hellip;]<\/p>\n","protected":false},"author":1,"featured_media":0,"comment_status":"open","ping_status":"open","sticky":false,"template":"","format":"standard","meta":[],"categories":[1],"tags":[],"_links":{"self":[{"href":"https:\/\/www.kocapinarnotlarim.com\/index.php?rest_route=\/wp\/v2\/posts\/1100"}],"collection":[{"href":"https:\/\/www.kocapinarnotlarim.com\/index.php?rest_route=\/wp\/v2\/posts"}],"about":[{"href":"https:\/\/www.kocapinarnotlarim.com\/index.php?rest_route=\/wp\/v2\/types\/post"}],"author":[{"embeddable":true,"href":"https:\/\/www.kocapinarnotlarim.com\/index.php?rest_route=\/wp\/v2\/users\/1"}],"replies":[{"embeddable":true,"href":"https:\/\/www.kocapinarnotlarim.com\/index.php?rest_route=%2Fwp%2Fv2%2Fcomments&post=1100"}],"version-history":[{"count":1,"href":"https:\/\/www.kocapinarnotlarim.com\/index.php?rest_route=\/wp\/v2\/posts\/1100\/revisions"}],"predecessor-version":[{"id":1101,"href":"https:\/\/www.kocapinarnotlarim.com\/index.php?rest_route=\/wp\/v2\/posts\/1100\/revisions\/1101"}],"wp:attachment":[{"href":"https:\/\/www.kocapinarnotlarim.com\/index.php?rest_route=%2Fwp%2Fv2%2Fmedia&parent=1100"}],"wp:term":[{"taxonomy":"category","embeddable":true,"href":"https:\/\/www.kocapinarnotlarim.com\/index.php?rest_route=%2Fwp%2Fv2%2Fcategories&post=1100"},{"taxonomy":"post_tag","embeddable":true,"href":"https:\/\/www.kocapinarnotlarim.com\/index.php?rest_route=%2Fwp%2Fv2%2Ftags&post=1100"}],"curies":[{"name":"wp","href":"https:\/\/api.w.org\/{rel}","templated":true}]}}