{"id":1102,"date":"2021-08-07T17:35:41","date_gmt":"2021-08-07T14:35:41","guid":{"rendered":"https:\/\/www.kocapinarnotlarim.com\/?p=1102"},"modified":"2021-08-07T17:35:41","modified_gmt":"2021-08-07T14:35:41","slug":"yeniden-ogretmen-olsaydim","status":"publish","type":"post","link":"https:\/\/www.kocapinarnotlarim.com\/?p=1102","title":{"rendered":"YEN\u0130DEN \u00d6\u011eRETMEN OLSAYDIM\u2026"},"content":{"rendered":"<p>Yeniden \u00f6\u011fretmen olmak ister miydim? Evet, hem de nas\u0131l isterdim!<\/p>\n<p>\u201c\u00d6\u011fretmenlik yapt\u0131\u011f\u0131n y\u0131llar boyunca ge\u00e7im s\u0131k\u0131nt\u0131s\u0131 i\u00e7inde bo\u011fuldun. Ta\u015fra politikac\u0131lar\u0131n\u0131n h\u0131\u015fm\u0131na u\u011frad\u0131n. \u00c7ektiklerin yetmedi mi? Deli misin, ne?\u201d diyeceksiniz. <\/p>\n<p>Hakl\u0131s\u0131n\u0131z. Ama b\u00fct\u00fcn \u00e7ektiklerime ra\u011fmen ben yine de \u00f6\u011fretmen olmak isterdim! Neden mi? Anlatay\u0131m:<\/p>\n<p>     \u00d6\u011fretmen oldu\u011fumda \u00f6\u011fretmen oldu\u011fumu biliyordum da \u00f6\u011fretmenli\u011fin ger\u00e7ekten ne oldu\u011funu bilmiyordum. Kara tahtan\u0131n \u00f6n\u00fcnde kar\u015f\u0131lar\u0131nda dikildi\u011fim \u00f6\u011frencilerin \u00f6\u011frenci oldu\u011funu biliyordum ama \u00f6\u011frencinin ne oldu\u011funu bilmiyordum.  Bilmem gerekenler b\u00fct\u00fcn arkada\u015flar\u0131mla birlikte bana da s\u00f6ylenmi\u015fti mutlaka, fakat her nas\u0131lsa hi\u00e7 biri kalmam\u0131\u015ft\u0131 akl\u0131mda.<\/p>\n<p>      \u00d6\u011fretmenli\u011fin, kendisine teslim edilen \u00e7ocuklar\u0131n ki\u015fili\u011fini ve gelece\u011fini \u015fekillendirme sanat\u0131 oldu\u011funu bilmiyordum. Onlar\u0131n, kitaplarda yer alan bilgileri beyinlerine kaydetmeleri gereken birer bilgi kay\u0131t cihaz\u0131 olduklar\u0131n\u0131 san\u0131yordum. Ben o bilgileri s\u00f6zle anlataca\u011f\u0131m, onlar da defterlerine ve beyinlerine kaydedecekler, olup bitecek san\u0131yordum\u2026 Fakat, olmuyordu i\u015fte! Anlatt\u0131klar\u0131m bir t\u00fcrl\u00fc beyin kay\u0131tlar\u0131na girmiyordu \u00e7ocuklar\u0131n. \u00c7o\u011fu kez beni dinlemiyorlard\u0131 bile\u2026 Ve olan oluyordu: Gelsin azarlama, k\u0131nama, hatta tokatlama. \u015eimdi sonsuz bir utan\u00e7la an\u0131msad\u0131\u011f\u0131m bu \u00e7\u00f6z\u00fcm olmayan \u00e7\u00f6z\u00fcmler, ger\u00e7ekte mesleki yetersizli\u011fimin, aczimin \u00e7ocuklara \u00e7\u0131kar\u0131lan faturas\u0131ndan ba\u015fka bir \u015fey de\u011fildi\u2026  <\/p>\n<p>     Zamanla bir \u015feyi fark ettim: \u00c7ocuklar belki ses kay\u0131t cihaz\u0131na benzetilebilirlerdi, ama ses kay\u0131t cihazlar\u0131n\u0131n kay\u0131t yapabilmeleri i\u00e7in \u00f6nce bir d\u00fc\u011fmeye bas\u0131l\u0131p \u00e7al\u0131\u015ft\u0131r\u0131lmalar\u0131 gerekmez miydi?  \u00c7ocuklar\u0131n da  beyinlerini kayda haz\u0131rlayacak bir mekanizmas\u0131, bir anahtar\u0131 olmal\u0131yd\u0131.  Neydi bu anahtar? \u201cArayan bulur\u201d, derler. Ben de arad\u0131m ve buldum sonunda: \u00d6\u011frenci g\u00f6n\u00fcllerinin, beyinlerinin anahtar\u0131, ger\u00e7ek  SEVG\u0130\u2019ydi.<\/p>\n<p>     Sevgi, yaln\u0131zca \u00f6\u011frenciyi \u00f6\u011frenmeye a\u00e7an anahtar de\u011fil, asl\u0131nda. D\u00fcnyan\u0131n her yerinde ve her zaman b\u00fct\u00fcn kap\u0131lar\u0131 a\u00e7an sihirli bir anahtard\u0131r sevgi. Sevgiyi kullanarak bitkileri de, hayvanlar\u0131 da, insanlar\u0131 da kazanabilirsiniz.  Hatta d\u00fc\u015fmanlar\u0131n\u0131z\u0131 da\u2026 Hele \u00f6\u011frenciler, sevgi denilen anahtara en kolay, en \u00e7abuk kar\u015f\u0131l\u0131k veren varl\u0131klard\u0131r. Yeter ki sevgi anahtar\u0131n\u0131z sahte olmas\u0131n. \u00c7\u00fcnk\u00fc sahtesi hi\u00e7 i\u015fe yaramaz sevginin, hatta a\u00e7mak istedi\u011finiz kap\u0131n\u0131n y\u00fcz\u00fcn\u00fcze ebediyen kapanmas\u0131na bile yol a\u00e7abilir. <\/p>\n<p>     Ger\u00e7ek sevgi kendini hemen belli eder: Ses tonunuz, i\u00e7tenli\u011finiz, abart\u0131s\u0131zl\u0131\u011f\u0131n\u0131z, yapmac\u0131ks\u0131zl\u0131\u011f\u0131n\u0131z , dost\u00e7a yakla\u015f\u0131m\u0131n\u0131z \u00e7ocu\u011fun \u00f6\u011frenmeye a\u00e7\u0131lmas\u0131n\u0131 hemen sa\u011flar. Y\u00fcz\u00fcn\u00fc ayd\u0131nlat\u0131r. \u00d6\u011fretmenim beni seviyor. Bana yararl\u0131 olmaya \u00e7al\u0131\u015f\u0131yor. Onun verdiklerini almal\u0131y\u0131m, \u00f6\u011frenmeliyim, \u00f6\u011fretmenim beni k\u00fc\u00e7\u00fck d\u00fc\u015f\u00fcrmez, azarlamaz, a\u015fa\u011f\u0131lamaz, o g\u00fcvenilir bir insand\u0131r\u2026\u201d diye d\u00fc\u015f\u00fcn\u00fcr. O, art\u0131k \u00f6\u011frenmeye haz\u0131rd\u0131r! Gerisi size kalm\u0131\u015ft\u0131r !<\/p>\n<p>     E, peki, \u00f6\u011frenciler \u00f6\u011frenmeye haz\u0131r. G\u00fczel! \u0130\u015f e\u011fitmeye, \u00f6\u011fretmeye kald\u0131. Neyi, nas\u0131l, neden \u00f6\u011fretecektim? M\u00fcfredat program\u0131 bu sorular\u0131 yan\u0131tl\u0131yordu bir \u00f6l\u00e7\u00fcde, fakat program ortalama d\u00fczeyde bir zeka ve yetene\u011fi esas alm\u0131\u015ft\u0131. \u00d6\u011frencilerimizin ise her biri ayr\u0131 bir bireydi ve ba\u015fkalar\u0131ndan az ya da \u00e7ok ayr\u0131l\u0131yordu. Bu nedenle her birini ayr\u0131 ayr\u0131, t\u00fcm \u00f6zellikleriyle tan\u0131mam gerekliydi. Zamanla bunu da \u00f6\u011frendim, ancak kolay olmad\u0131. Derken, y\u0131llar i\u00e7inde bir \u015feyi fark ettim: Biz, \u00f6\u011frencilerimizi gelece\u011fe haz\u0131rlarken toplumun amirlerinin \u00e7izdi\u011fi modellere uygun \u00f6\u011frenci yeti\u015ftirmeye \u00e7al\u0131\u015f\u0131yorduk. Onlar\u0131n gelecekte ne olmalar\u0131 gerekti\u011fine amirler karar veriyondu. \u00c7ocuklar\u0131m\u0131za ne olmak istediklerini soran yoktu. Elbet \u00e7ok yanl\u0131\u015f bir tutumdu bu. \u00d6\u011frencilerimizin \u00e7o\u011funu hi\u00e7 ilgi duymad\u0131\u011f\u0131 \u015fekillere sokmaya \u00e7al\u0131\u015f\u0131yorduk kahredici zorlamalarla ve sonunda s\u00f6z gelimi bir heykel yerine bir moloz y\u0131\u011f\u0131n\u0131 \u00e7\u0131k\u0131yordu ortaya. Bunu \u00f6\u011frendi\u011fimde art\u0131k emeklili\u011fin e\u015fi\u011fine gelmi\u015ftim. <\/p>\n<p>     Sonra\u2026 Sonra \u00f6\u011fretmenli\u011fin \u00f6\u011frenciyi birtak\u0131m yarars\u0131z, gereksiz bilgilerle t\u0131ka basa doldurmak, onu bir papa\u011fana, bir alk\u0131\u015f makinesine, inan\u00e7lar\u0131n\u0131 sorgulamayan bir m\u00fcmine, aptal bir mutiye, sofras\u0131n\u0131 ba\u015fkalar\u0131n\u0131n s\u0131rt\u0131na kuran bir keneye  d\u00f6n\u00fc\u015ft\u00fcrmek olmad\u0131\u011f\u0131n\u0131\u2026 aksine  kendisine gerekli ve yararl\u0131 bilgileri nerede ve nas\u0131l bulabilece\u011fini bilen ve bilgiyi aray\u0131p bulan,  yaln\u0131zca, adili, iyiyi, g\u00fczeli, do\u011fruyu ve d\u00fcr\u00fcst\u00fc alk\u0131\u015flayan,  akl\u0131n\u0131, vicdan\u0131n\u0131 ba\u015fkalar\u0131n\u0131n g\u00fcd\u00fcm\u00fcne b\u0131rakmayan, ak\u0131l erdiremedi\u011fi \u015feyi kabul  etmeyen, kendisini aptal yerine koyanlara itaat etmeyen, ekmek kavgas\u0131nda kendi ayaklar\u0131 \u00fcst\u00fcnde duran ve m\u00fcmk\u00fcnse acizlere de yard\u0131mc\u0131 olan, s\u00f6m\u00fcrmeyi de s\u00f6m\u00fcr\u00fclmeyi de \u015fiddetle reddeden, u\u015fakl\u0131\u011f\u0131, ya\u011fdanl\u0131\u011f\u0131, yalakal\u0131\u011f\u0131 \u015fiddetle reddeden onurlu bir insan olarak yeti\u015ftirmek oldu\u011funu \u00f6\u011frendim. ..<\/p>\n<p>Ve i\u015fte b\u00fct\u00fcn bunlar\u0131 \u00f6\u011frenip sonsuz bir zevkle uygulamaya koyuldu\u011fum g\u00fcnlerde  yolun sonuna geldi\u011fimi fark ettim. Emeklili\u011fim gelip \u00e7atm\u0131\u015ft\u0131\u2026<br \/>\n     Oysa \u00f6\u011frencilerime  en \u00e7ok yararl\u0131 olabilece\u011fim bilgi ve beceri birikimine ancak ula\u015fm\u0131\u015ft\u0131m. \u00d6\u011fretmenli\u011fin tam da tad\u0131na varm\u0131\u015fken, \u00f6\u011frencilerime tam da en y\u00fcksek d\u00fczeyde yararl\u0131 olabilecekken emekli oldum\u2026<\/p>\n<p>Ben yeniden \u00f6\u011fretmen olmak istemeyeyim de ne yapay\u0131m be dostlar? Ayn\u0131 duygu ve d\u00fc\u015f\u00fcnceleri payla\u015ft\u0131\u011f\u0131m\u0131z emekli meslekta\u015flar\u0131m\u0131z \u00f6\u011fretmenli\u011fi ve \u00f6\u011frencilerini \u00f6zlemesin de ne yaps\u0131nlar?<\/p>\n","protected":false},"excerpt":{"rendered":"<p>Yeniden \u00f6\u011fretmen olmak ister miydim? Evet, hem de nas\u0131l isterdim! \u201c\u00d6\u011fretmenlik yapt\u0131\u011f\u0131n y\u0131llar boyunca ge\u00e7im s\u0131k\u0131nt\u0131s\u0131 i\u00e7inde bo\u011fuldun. Ta\u015fra politikac\u0131lar\u0131n\u0131n h\u0131\u015fm\u0131na u\u011frad\u0131n. \u00c7ektiklerin yetmedi mi? Deli misin, ne?\u201d diyeceksiniz. Hakl\u0131s\u0131n\u0131z. Ama b\u00fct\u00fcn \u00e7ektiklerime ra\u011fmen ben yine de \u00f6\u011fretmen olmak isterdim! Neden mi? Anlatay\u0131m: \u00d6\u011fretmen oldu\u011fumda \u00f6\u011fretmen oldu\u011fumu biliyordum da \u00f6\u011fretmenli\u011fin ger\u00e7ekten ne oldu\u011funu bilmiyordum. Kara [&hellip;]<\/p>\n","protected":false},"author":1,"featured_media":0,"comment_status":"open","ping_status":"open","sticky":false,"template":"","format":"standard","meta":[],"categories":[1],"tags":[],"_links":{"self":[{"href":"https:\/\/www.kocapinarnotlarim.com\/index.php?rest_route=\/wp\/v2\/posts\/1102"}],"collection":[{"href":"https:\/\/www.kocapinarnotlarim.com\/index.php?rest_route=\/wp\/v2\/posts"}],"about":[{"href":"https:\/\/www.kocapinarnotlarim.com\/index.php?rest_route=\/wp\/v2\/types\/post"}],"author":[{"embeddable":true,"href":"https:\/\/www.kocapinarnotlarim.com\/index.php?rest_route=\/wp\/v2\/users\/1"}],"replies":[{"embeddable":true,"href":"https:\/\/www.kocapinarnotlarim.com\/index.php?rest_route=%2Fwp%2Fv2%2Fcomments&post=1102"}],"version-history":[{"count":1,"href":"https:\/\/www.kocapinarnotlarim.com\/index.php?rest_route=\/wp\/v2\/posts\/1102\/revisions"}],"predecessor-version":[{"id":1103,"href":"https:\/\/www.kocapinarnotlarim.com\/index.php?rest_route=\/wp\/v2\/posts\/1102\/revisions\/1103"}],"wp:attachment":[{"href":"https:\/\/www.kocapinarnotlarim.com\/index.php?rest_route=%2Fwp%2Fv2%2Fmedia&parent=1102"}],"wp:term":[{"taxonomy":"category","embeddable":true,"href":"https:\/\/www.kocapinarnotlarim.com\/index.php?rest_route=%2Fwp%2Fv2%2Fcategories&post=1102"},{"taxonomy":"post_tag","embeddable":true,"href":"https:\/\/www.kocapinarnotlarim.com\/index.php?rest_route=%2Fwp%2Fv2%2Ftags&post=1102"}],"curies":[{"name":"wp","href":"https:\/\/api.w.org\/{rel}","templated":true}]}}