{"id":1104,"date":"2021-08-07T17:37:55","date_gmt":"2021-08-07T14:37:55","guid":{"rendered":"https:\/\/www.kocapinarnotlarim.com\/?p=1104"},"modified":"2021-08-07T17:37:55","modified_gmt":"2021-08-07T14:37:55","slug":"ayip-cok-ayip-en-ayip-acinasi","status":"publish","type":"post","link":"https:\/\/www.kocapinarnotlarim.com\/?p=1104","title":{"rendered":"AYIP, \u00c7OK AYIP, EN AYIP, ACINASI&#8230;"},"content":{"rendered":"<p>     Yan\u0131m\u0131zda yap\u0131lmas\u0131ndan rahats\u0131zl\u0131k duydu\u011fumuz hareketleri, davran\u0131\u015flar\u0131, i\u015fitmekten utand\u0131\u011f\u0131m\u0131z s\u00f6zleri AYIP diye niteleriz. Bu davran\u0131\u015flar\u0131n, s\u00f6zlerin sahiplerini dost\u00e7a uyarmaya \u00e7al\u0131\u015f\u0131r, tepkiyle kar\u015f\u0131lan\u0131rsak onlarla bir daha ayn\u0131 ortamlarda bulunmamaya \u00f6zen g\u00f6steririz. S\u00f6ve saya konu\u015fmalar,  kaba el \u015fakalar\u0131,  sayg\u0131s\u0131zca davran\u0131\u015flar\u2026 g\u00fcnl\u00fck ya\u015famda yaz\u0131k ki \u00e7ok s\u0131k tan\u0131k oldu\u011fumuz ay\u0131plard\u0131r.  Bu t\u00fcr ay\u0131plar genellikle  faillerinin e\u011fitim  eksikli\u011finden ya da kontrols\u00fcz duygular\u0131ndan kaynaklan\u0131r.  \u00d6zellikle ay\u0131p i\u015fleme kas\u0131tlar\u0131 yoktur. Sab\u0131rla, \u00f6zenle i\u015flenirlerse, ay\u0131plar\u0131ndan ar\u0131nma \u015fanslar\u0131 vard\u0131r. <\/p>\n<p>     Toplumsal ya\u015fant\u0131m\u0131zda yaz\u0131k ki \u00e7ok\u00e7a kar\u015f\u0131la\u015ft\u0131\u011f\u0131m\u0131z ve \u00c7OK AYIP diye niteledi\u011fimiz  birtak\u0131m davran\u0131\u015flar vard\u0131r ki, bunlar\u0131 i\u015fleyenler,  kurbanlar\u0131n\u0131n zaaflar\u0131ndan, \u00e7aresizliklerinden,  bilgisizliklerinden, deneyimsizliklerinden  yararlanarak   onlar\u0131 gaddarca s\u00f6m\u00fcr\u00fcrler! D\u00fcped\u00fcz tefecilik, h\u0131rs\u0131zl\u0131k  ya da doland\u0131r\u0131c\u0131l\u0131k yaparak  halk\u0131n kan\u0131n\u0131 emerler.  \u0130\u015f\u00e7ilerini asgari \u00fccretle \u00e7al\u0131\u015ft\u0131r\u0131yor g\u00f6stererek banka hesaplar\u0131na bu miktar \u00fczerinden yat\u0131rd\u0131kla ayl\u0131klar\u0131n\u0131n bir k\u0131sm\u0131n\u0131 elden geri alarak h\u0131rs\u0131zl\u0131klar\u0131n\u0131 k\u0131l\u0131f\u0131na uydururlar.  Vas\u0131fl\u0131 i\u015f\u00e7ilerinin ayl\u0131klar\u0131n\u0131  asgari \u00fccret \u00fczerinden bankaya yat\u0131r\u0131p \u00fcst\u00fcn\u00fc elden \u00f6deyerek hem  ssk priminden hem de k\u0131dem tazminat\u0131ndan b\u00fcy\u00fck \u00f6l\u00e7\u00fcde \u00e7alarlar. \u0130\u015f\u00e7ileriyle i\u015f s\u00f6zle\u015fmesi yaparken,  bu s\u00f6zle\u015fmeyle birlikte  \u201c \u0130\u015f akdimi kendi iste\u011fimle feshettim, t\u00fcm \u00fccret ve sair alacaklar\u0131m\u0131 elden ald\u0131m,  \u0130\u015fyerinden hi\u00e7bir alaca\u011f\u0131m kalmam\u0131\u015ft\u0131r. \u0130\u015fverenimi kesin olarak ibra ederim.\u201d diye bir de ibraname imzalat\u0131rlar.  B\u00f6yleleri,  ne yapt\u0131\u011f\u0131n\u0131  \u00e7ok iyi bilen s\u00f6m\u00fcr\u00fcc\u00fcler, kan emicileridir. Bir k\u0131s\u0131m atanm\u0131\u015f ya da se\u00e7ilmi\u015f kamu g\u00f6revlileri b\u00f6ylelerinin en iri k\u0131y\u0131mlar\u0131n\u0131n, en g\u00f6beklilerinin, en i\u015fini bilenlerinin en  yak\u0131n \u00e7evrelerinde bulunup \u00e7anaklar\u0131n\u0131 yalamaktan b\u00fcy\u00fck onur ve gurur duyarlar. Bu \u00e7ok ay\u0131plar\u0131 i\u015fleyenlerin bir de en b\u00fcy\u00fckleri vard\u0131r ki, eh art\u0131k onlardan b\u00fcy\u00fc\u011f\u00fc yoktur. Onlar\u0131n yapt\u0131klar\u0131 en ay\u0131pt\u0131r. <\/p>\n<p>     En b\u00fcy\u00fck ay\u0131p\u00e7\u0131lar\u0131n  yapt\u0131\u011f\u0131 EN AYIPLAR, halk\u0131n inan\u00e7lar\u0131n\u0131, g\u00fcvenlerini kullanarak kendilerine inan\u0131p g\u00fcvenenleri kulla\u015ft\u0131rmak, k\u00f6lele\u015ftirmektir. En b\u00fcy\u00fck ay\u0131p\u00e7\u0131lar, kentlerde, kasabalarda, mahallelerde, beldelerde, k\u00f6ylerde kurduklar\u0131 say\u0131s\u0131z   beyin y\u0131kama yerlerinde \u00f6yle y\u00f6ntemler uygularlar ki, kurbanl\u0131klar\u0131, kendilerine mutlak do\u011fru diye ezberletilen ak\u0131l d\u0131\u015f\u0131l\u0131klar\u0131 asla sorgulamazlar, bizden kay\u0131ts\u0131z kuyutsuz toplanan bunca ba\u011f\u0131\u015f\u0131n ne kadar\u0131 bize s\u00f6ylenen yerlere, ne kadar\u0131 a\u011fabeylerin, ablalar\u0131n, efendilerin  ceplerine gidiyor? Efendimiz  memleketine d\u00f6nmek i\u00e7in daha ne bekliyor, yoksa keferistan\u0131 memleketinden daha \u00e7ok mu  seviyor?  Adalet tecelli etsin diye i\u015f ba\u015f\u0131na getirdiklerimiz neden \u00f6zel yetkili yarg\u0131\u00e7lar at\u0131yor, bu \u00f6zel yarg\u0131\u00e7lar neden b\u00f6l\u00fcc\u00fcleri gizli tan\u0131k olarak dinliyorlar da generalleri dinlemiyorlar? D\u00fczmece kan\u0131tlara itibar  ediliyor da bu kan\u0131tlar\u0131n d\u00fczmece oldu\u011fu iddialar\u0131 neden ara\u015ft\u0131r\u0131lm\u0131yor; <\/p>\n<p>     En ay\u0131p\u00e7\u0131lar\u0131n yapt\u0131klar\u0131na, s\u00f6ylediklerine k\u00f6r\u00fc k\u00f6r\u00fcne inanan, itaat edenlerin bu yapt\u0131klar\u0131 ise ne ay\u0131p, ne \u00e7ok ay\u0131p, ne de en ay\u0131p! Bu tutum, d\u00fcped\u00fcz zavall\u0131l\u0131kt\u0131r, ACINASILIKTIR! Zulme destek\u00e7iliktir. Ne yapt\u0131\u011f\u0131n\u0131 bilmezliktir.<br \/>\nMemleketin en iyi yeti\u015fmi\u015f evlatlar\u0131 hi\u00e7bir su\u00e7lar\u0131 olmad\u0131\u011f\u0131 halde s\u0131rf ABD\u2019nin \u00e7\u0131karlar\u0131na ve onlar\u0131n e\u015fba\u015fkanlar\u0131n\u0131n h\u0131rslar\u0131na, kaprislerine kar\u015f\u0131 direndikleri i\u00e7in y\u0131llardan beri zindanlarda \u00e7\u00fcr\u00fct\u00fcl\u00fcyor  ve biz buna seyirci kal\u0131yorsak, dahas\u0131, bu zulm\u00fcn mimarlar\u0131n\u0131 hala destekliyorsak,  bu, insanl\u0131k iddias\u0131nda olanlar i\u00e7in ger\u00e7ekten ac\u0131nas\u0131l\u0131kt\u0131r, hi\u00e7liktir!<\/p>\n","protected":false},"excerpt":{"rendered":"<p>Yan\u0131m\u0131zda yap\u0131lmas\u0131ndan rahats\u0131zl\u0131k duydu\u011fumuz hareketleri, davran\u0131\u015flar\u0131, i\u015fitmekten utand\u0131\u011f\u0131m\u0131z s\u00f6zleri AYIP diye niteleriz. Bu davran\u0131\u015flar\u0131n, s\u00f6zlerin sahiplerini dost\u00e7a uyarmaya \u00e7al\u0131\u015f\u0131r, tepkiyle kar\u015f\u0131lan\u0131rsak onlarla bir daha ayn\u0131 ortamlarda bulunmamaya \u00f6zen g\u00f6steririz. S\u00f6ve saya konu\u015fmalar, kaba el \u015fakalar\u0131, sayg\u0131s\u0131zca davran\u0131\u015flar\u2026 g\u00fcnl\u00fck ya\u015famda yaz\u0131k ki \u00e7ok s\u0131k tan\u0131k oldu\u011fumuz ay\u0131plard\u0131r. Bu t\u00fcr ay\u0131plar genellikle faillerinin e\u011fitim eksikli\u011finden ya da [&hellip;]<\/p>\n","protected":false},"author":1,"featured_media":0,"comment_status":"open","ping_status":"open","sticky":false,"template":"","format":"standard","meta":[],"categories":[1],"tags":[],"_links":{"self":[{"href":"https:\/\/www.kocapinarnotlarim.com\/index.php?rest_route=\/wp\/v2\/posts\/1104"}],"collection":[{"href":"https:\/\/www.kocapinarnotlarim.com\/index.php?rest_route=\/wp\/v2\/posts"}],"about":[{"href":"https:\/\/www.kocapinarnotlarim.com\/index.php?rest_route=\/wp\/v2\/types\/post"}],"author":[{"embeddable":true,"href":"https:\/\/www.kocapinarnotlarim.com\/index.php?rest_route=\/wp\/v2\/users\/1"}],"replies":[{"embeddable":true,"href":"https:\/\/www.kocapinarnotlarim.com\/index.php?rest_route=%2Fwp%2Fv2%2Fcomments&post=1104"}],"version-history":[{"count":1,"href":"https:\/\/www.kocapinarnotlarim.com\/index.php?rest_route=\/wp\/v2\/posts\/1104\/revisions"}],"predecessor-version":[{"id":1105,"href":"https:\/\/www.kocapinarnotlarim.com\/index.php?rest_route=\/wp\/v2\/posts\/1104\/revisions\/1105"}],"wp:attachment":[{"href":"https:\/\/www.kocapinarnotlarim.com\/index.php?rest_route=%2Fwp%2Fv2%2Fmedia&parent=1104"}],"wp:term":[{"taxonomy":"category","embeddable":true,"href":"https:\/\/www.kocapinarnotlarim.com\/index.php?rest_route=%2Fwp%2Fv2%2Fcategories&post=1104"},{"taxonomy":"post_tag","embeddable":true,"href":"https:\/\/www.kocapinarnotlarim.com\/index.php?rest_route=%2Fwp%2Fv2%2Ftags&post=1104"}],"curies":[{"name":"wp","href":"https:\/\/api.w.org\/{rel}","templated":true}]}}