{"id":1114,"date":"2021-08-07T17:47:49","date_gmt":"2021-08-07T14:47:49","guid":{"rendered":"https:\/\/www.kocapinarnotlarim.com\/?p=1114"},"modified":"2021-08-07T17:47:49","modified_gmt":"2021-08-07T14:47:49","slug":"bir-zamanlar-otuz-agustos","status":"publish","type":"post","link":"https:\/\/www.kocapinarnotlarim.com\/?p=1114","title":{"rendered":"B\u0130R ZAMANLAR OTUZ A\u011eUSTOS"},"content":{"rendered":"<p>     Bir zamanlar b\u00fcy\u00fck onur g\u00fcn\u00fcm\u00fczd\u00fc otuz a\u011fustos.  \u00dclkemizi ya\u011fmalamak i\u00e7in birle\u015fen emperyalist  devletler, silahland\u0131r\u0131p Anadolu\u2019ya \u00e7\u0131kartt\u0131klar\u0131 Yunan ordular\u0131n\u0131n  otuz a\u011fustos 1922 tarihinde denize d\u00f6k\u00fclmesi \u00fczerine topraklar\u0131m\u0131z\u0131 i\u015fgal ve ulusal birli\u011fimizi imha planlar\u0131n\u0131 bir s\u00fcreli\u011fine rafa kald\u0131rm\u0131\u015flard\u0131.  Ne b\u00fcy\u00fck gurur duymu\u015ftuk zaferimizle! Zafer Bayram\u0131  ilan etmi\u015ftik otuz a\u011fustos g\u00fcn\u00fcn\u00fc. Hakl\u0131yd\u0131k! Sevin\u00e7liydik!  Gururluyduk!..<br \/>\nBu nedenle b\u00fcy\u00fck zaferimizi  her y\u0131l d\u00f6n\u00fcm\u00fcnde b\u00fcy\u00fck t\u00f6renlerle, sevin\u00e7le ve \u00e7o\u015fkularla kutlad\u0131k.<\/p>\n<p>     Ne gariptir, biz bir yandan her y\u0131l zafer bayram\u0131 kutlamalar\u0131 yaparken, denize d\u00f6kt\u00fcklerimiz, i\u00e7imizdeki i\u015fbirlik\u00e7ilerini el alt\u0131ndan beslemeyi, e\u011fitmeyi, \u00f6rg\u00fctlemeyi bir nefes bile ihmal etmeden, ama\u00e7lar\u0131 do\u011frultusunda y\u00fcr\u00fcmeyi gizli  ya da a\u00e7\u0131k a\u00e7\u0131k, ad\u0131m ad\u0131m  s\u00fcrd\u00fcregeldiler.  <\/p>\n<p>     Bir atas\u00f6z\u00fcm\u00fcz, \u201cSab\u0131rla i\u015feyen ta\u015f\u0131 deler!\u201d der. Do\u011frudur! Bir\u00e7o\u011fumuz hala inanmasak da, emperyalizm ve i\u015fbirlik\u00e7ileri T\u00fcrkiye Cumhuriyetini i\u00e7ten \u00e7\u00f6kertme ama\u00e7lar\u0131na ula\u015fma yolunda b\u00fcy\u00fck bir sab\u0131r ve kararl\u0131l\u0131k g\u00f6stermi\u015fler  ve bu yolda b\u00fcy\u00fck ba\u015far\u0131 kazanm\u0131\u015flard\u0131r.  Onlar\u0131n bu ba\u015far\u0131lar\u0131n\u0131n sonucudur ki Atat\u00fcrk\u2019\u00fcn ve arkada\u015flar\u0131n\u0131n benimseyip uygulamaya koydu\u011fu \u201cHer alanda tam  ba\u011f\u0131ms\u0131zl\u0131k\u201d, \u201cE\u011fitimin bilimi esas almas\u0131\u201d ve \u201cYurtta bar\u0131\u015f, d\u00fcnyada bar\u0131\u015f!\u201d  politikalar\u0131n\u0131n  yerinde bu  g\u00fcn yeller esiyor. Sahillerimizin en  de\u011ferli arsalar\u0131, maden yataklar\u0131m\u0131z\u0131n b\u00fcy\u00fck k\u0131sm\u0131, bankalar\u0131m\u0131z\u0131n y\u00fczde elliden fazlas\u0131 emperyalist  sermayenin eline ge\u00e7ti. E\u011fitimimiz, emniyetimiz, ordumuz, ekonomimiz, kalk\u0131nma planlar\u0131m\u0131z ve akla daha ne gelirse t\u00fcm\u00fc emperyalizmin denetimi ve g\u00f6zetimi alt\u0131nda!  En zeki \u00e7ocuklar\u0131m\u0131z\u0131n \u00f6nemli bir  k\u0131sm\u0131  emperyalizmin ajanlar\u0131nca dev\u015firilerek emperyalist \u00fclkelere transfer ediliyor. <\/p>\n<p>     O emperyalist g\u00fc\u00e7ler ki, Birinci D\u00fcnya Sava\u015f\u0131\u2019n\u0131n ard\u0131ndan \u0130stanbul\u2019u ve Anadolu\u2019nun bir\u00e7ok yerini i\u015fgal etmi\u015f ve destek ve g\u00fcd\u00fcmlerindeki Yunan ordusunu  Ege k\u0131y\u0131lar\u0131ndan Ankara\u2019ya do\u011fru  i\u015fgale y\u00f6neltmi\u015fken Mustafa Kemal\u2019in  \u201cYa istiklal, ya \u00f6l\u00fcm!\u201d \u015fiar\u0131yla \u00f6rg\u00fctleyip y\u00f6netti\u011fi T\u00fcrk ordusu  \u00f6n\u00fcnde yenilgiyi kabul  eder g\u00f6r\u00fcnm\u00fc\u015f, bu kez hedeflerine \u201cdost ve m\u00fcttefik\u201d, \u201cStratejik Ortak\u201d gibi maskeler alt\u0131nda y\u00fcr\u00fcmeye devam edegelmi\u015flerdir.   <\/p>\n<p>     Otuz a\u011fustos zafer g\u00fcn\u00fcm\u00fcz\u00fcn 91. y\u0131l d\u00f6n\u00fcm\u00fcn\u00fc g\u00f6stermelik t\u00f6renlerle kutlama\u011fa \u00e7al\u0131\u015ft\u0131\u011f\u0131m\u0131z bu g\u00fcn,  Irak ve Suriye s\u0131n\u0131rlar\u0131m\u0131z  varl\u0131klar\u0131n\u0131 harita \u00fczerinde s\u00fcrd\u00fcrmekte iseler de fiilen yok durumdalar. Halk deyi\u015fiyle bu s\u0131n\u0131rlar bu halleriyle yol ge\u00e7en hanlar\u0131ndan ba\u015fka nedirler ki? Bu s\u0131n\u0131r boylar\u0131ndaki k\u00f6ylerimiz, kasabalar\u0131m\u0131z, \u015fehirlerimiz Suriye\u2019de, Irak\u2019ta  emperyalizm ad\u0131na silah kullanan maa\u015fl\u0131 katillerin, uluslar aras\u0131 ter\u00f6r \u015febekelerinin e\u011fitim, tedavi ve donan\u0131m merkezleri haline gelmi\u015flerdir. Emperyalizmin birle\u015fik silahl\u0131 g\u00fc\u00e7lerini daha 1922 ko\u015fullar\u0131nda defetmeyi ba\u015faran T\u00fcrkiye, inan\u0131lmaz bir \u015feydir ama, Nato\u2019ya girdi\u011fimiz g\u00fcnden bu yana emperyalizmin destek ve y\u00f6nlendirmeleriyle, ulusalc\u0131, ba\u011f\u0131ms\u0131zl\u0131k\u00e7\u0131 unsurlar\u0131n\u0131 tasfiye ederek kendi ordusunu emperyalizmin  hizmetine sokma yolunda  inan\u0131lmaz bir ba\u015far\u0131(!) g\u00f6stermi\u015f,  Otuz A\u011fustos Zafer Bayram\u0131\u2019n\u0131n 91. y\u0131l d\u00f6n\u00fcm\u00fcnde, kom\u015fu \u00fclkemiz Suriye\u2019ye yap\u0131lmas\u0131 planlanan i\u015fgal sald\u0131r\u0131s\u0131n\u0131n \u00f6rg\u00fct\u00e7\u00fcl\u00fc\u011f\u00fcne ve \u00f6nc\u00fcl\u00fc\u011f\u00fcne soyunmu\u015ftur. Emperyalizmin bu g\u00fcne kadar en az y\u00fcz bin Suriye yurtta\u015f\u0131n\u0131 katleden, s\u0131n\u0131rlar\u0131m\u0131zdaki yerle\u015fim birimlerinde ve \u00f6zellikle Reyhanl\u0131\u2019da, Hatay\u2019da ter\u00f6r estiren paral\u0131 askerlerin e\u011fitim ve donan\u0131m\u0131n\u0131 sa\u011flad\u0131\u011f\u0131m\u0131z d\u00fcnyaca bilinmekte iken iktidar\u0131n bu olaylar kar\u015f\u0131s\u0131nda  k\u00f6r, sa\u011f\u0131r ve dilsiz \u00fc\u00e7 maymunu oynamaktaki mahareti, ku\u015fku yok ki emperyalist m\u00fcttefiklerinin b\u00fcy\u00fck  takdirlerini kazanmaktad\u0131r.  <\/p>\n<p>     \u00dclkemizi bu duruma d\u00fc\u015f\u00fcrenler, Otuz A\u011fustos Zafer Bayram\u0131m\u0131z\u0131 de\u011fi ama efendilerinin, dost ve m\u00fcttefiklerinin \u00e7\u0131karlar\u0131n\u0131 koruma ve y\u00fcceltme yolunda bunca ba\u015far\u0131l\u0131 olman\u0131n gurur ve sevincini elbet tantana ile kutlayacaklard\u0131r. Bize ise,  bu g\u00fcnlerin gelece\u011fini g\u00f6re g\u00f6re, bile bile gidi\u015fata seyirci kalman\u0131n utanc\u0131  d\u00fc\u015f\u00fcyor.  Utanc\u0131m\u0131z vatana millete hay\u0131rl\u0131 olsun (!) Lanet olsun! Lanet olsun!<\/p>\n","protected":false},"excerpt":{"rendered":"<p>Bir zamanlar b\u00fcy\u00fck onur g\u00fcn\u00fcm\u00fczd\u00fc otuz a\u011fustos. \u00dclkemizi ya\u011fmalamak i\u00e7in birle\u015fen emperyalist devletler, silahland\u0131r\u0131p Anadolu\u2019ya \u00e7\u0131kartt\u0131klar\u0131 Yunan ordular\u0131n\u0131n otuz a\u011fustos 1922 tarihinde denize d\u00f6k\u00fclmesi \u00fczerine topraklar\u0131m\u0131z\u0131 i\u015fgal ve ulusal birli\u011fimizi imha planlar\u0131n\u0131 bir s\u00fcreli\u011fine rafa kald\u0131rm\u0131\u015flard\u0131. Ne b\u00fcy\u00fck gurur duymu\u015ftuk zaferimizle! Zafer Bayram\u0131 ilan etmi\u015ftik otuz a\u011fustos g\u00fcn\u00fcn\u00fc. Hakl\u0131yd\u0131k! Sevin\u00e7liydik! Gururluyduk!.. Bu nedenle b\u00fcy\u00fck zaferimizi [&hellip;]<\/p>\n","protected":false},"author":1,"featured_media":0,"comment_status":"open","ping_status":"open","sticky":false,"template":"","format":"standard","meta":[],"categories":[1],"tags":[],"_links":{"self":[{"href":"https:\/\/www.kocapinarnotlarim.com\/index.php?rest_route=\/wp\/v2\/posts\/1114"}],"collection":[{"href":"https:\/\/www.kocapinarnotlarim.com\/index.php?rest_route=\/wp\/v2\/posts"}],"about":[{"href":"https:\/\/www.kocapinarnotlarim.com\/index.php?rest_route=\/wp\/v2\/types\/post"}],"author":[{"embeddable":true,"href":"https:\/\/www.kocapinarnotlarim.com\/index.php?rest_route=\/wp\/v2\/users\/1"}],"replies":[{"embeddable":true,"href":"https:\/\/www.kocapinarnotlarim.com\/index.php?rest_route=%2Fwp%2Fv2%2Fcomments&post=1114"}],"version-history":[{"count":1,"href":"https:\/\/www.kocapinarnotlarim.com\/index.php?rest_route=\/wp\/v2\/posts\/1114\/revisions"}],"predecessor-version":[{"id":1115,"href":"https:\/\/www.kocapinarnotlarim.com\/index.php?rest_route=\/wp\/v2\/posts\/1114\/revisions\/1115"}],"wp:attachment":[{"href":"https:\/\/www.kocapinarnotlarim.com\/index.php?rest_route=%2Fwp%2Fv2%2Fmedia&parent=1114"}],"wp:term":[{"taxonomy":"category","embeddable":true,"href":"https:\/\/www.kocapinarnotlarim.com\/index.php?rest_route=%2Fwp%2Fv2%2Fcategories&post=1114"},{"taxonomy":"post_tag","embeddable":true,"href":"https:\/\/www.kocapinarnotlarim.com\/index.php?rest_route=%2Fwp%2Fv2%2Ftags&post=1114"}],"curies":[{"name":"wp","href":"https:\/\/api.w.org\/{rel}","templated":true}]}}