{"id":1132,"date":"2021-08-07T18:12:53","date_gmt":"2021-08-07T15:12:53","guid":{"rendered":"https:\/\/www.kocapinarnotlarim.com\/?p=1132"},"modified":"2021-08-07T18:12:53","modified_gmt":"2021-08-07T15:12:53","slug":"gercek-insanin-nelere-hakki-yok","status":"publish","type":"post","link":"https:\/\/www.kocapinarnotlarim.com\/?p=1132","title":{"rendered":"GER\u00c7EK \u0130NSANIN NELERE HAKKI YOK ?"},"content":{"rendered":"<p>     \u0130nsan haklar\u0131n\u0131n tart\u0131\u015f\u0131ld\u0131\u011f\u0131 bu g\u00fcnlerde biraz tuhaf ka\u00e7sa da, ben, kendisini ger\u00e7ekten insan olarak in\u015fa edebilmi\u015f kimselerin baz\u0131 haklar\u0131n\u0131n bulunmamas\u0131 gerekti\u011fi kan\u0131s\u0131nda oldu\u011fumu s\u00f6yleyece\u011fim. <\/p>\n<p>     Bilindi\u011fi \u00fczere,  di\u011fer b\u00fct\u00fcn canl\u0131lar gibi insan da canl\u0131 kalmak   i\u00e7in \u00fcreme, beslenme, bar\u0131nma, savunma\u2026 gibi temel gereksinimlerini kar\u015f\u0131lamak zorundad\u0131r. insan, bu gereksinimlerini kar\u015f\u0131lamak, bu yolda elde ettiklerini ba\u015fkalar\u0131na kapt\u0131rmamak i\u00e7in sald\u0131rganlarla can\u0131 pahas\u0131na sava\u015fmak, ya\u015fam \u00e7evresini ve varl\u0131\u011f\u0131n\u0131 t\u00fcm g\u00fcc\u00fcyle savunmak  zorundad\u0131r. \u0130nsan\u0131n bu  \u00e7er\u00e7evede yap\u0131p ettikleri, ba\u015fkalar\u0131n\u0131n can\u0131na, mal\u0131na, namusuna el atmad\u0131\u011f\u0131 s\u00fcrece me\u015frudur.  Ne yaz\u0131kt\u0131r ki bir \u00e7ok insan, bu s\u0131n\u0131rlar\u0131 yaln\u0131z kendi yararlar\u0131na olmak \u00fczere var sayar da s\u00f6z konusu ba\u015fka insanlar oldu\u011funda g\u00f6rmezden gelir.<br \/>\n     Benim insan dediklerim, yani ger\u00e7ekten insanla\u015fm\u0131\u015f insanlar, s\u0131radan insanlar\u0131n hak bildikleri baz\u0131 \u015feyleri kendileri i\u00e7in hak g\u00f6rmezler. \u00d6rnekler mi istersiniz? Buyurun  \u00f6yleyse: Kendisini ger\u00e7ek insan olarak in\u015fa etmek niyet ve \u00e7abas\u0131ndaki insanlar\u0131n bilgisiz kalma, bilime s\u0131rt \u00e7evirme haklar\u0131 yoktur. K\u0131saca, cehalet hakk\u0131 yoktur. Bilgi da\u011farc\u0131\u011f\u0131m\u0131z\u0131 g\u00fcc\u00fcm\u00fcz yetti\u011fince geli\u015ftirme \u00e7abas\u0131nda de\u011filsek, kendimize birtak\u0131m haddini bilmezleri s\u00f6z\u00fcm ona rehber edinmi\u015fsek, k\u0131lavuzumuzun karga \u00e7\u0131kmas\u0131 b\u00fcy\u00fck olas\u0131l\u0131kt\u0131r. <\/p>\n<p>     Ger\u00e7ekten insan olma niyet ve \u00e7abas\u0131nda olanlar\u0131n haks\u0131zl\u0131klar kar\u015f\u0131s\u0131nda susma, zulme boyun  e\u011fme haklar\u0131 yoktur. Ger\u00e7ek insanlar, zulm\u00fc ve haks\u0131zl\u0131klar\u0131 te\u015fhir etmek zorundad\u0131rlar.  Zalimi s\u00f6zle, yaz\u0131yla protesto etmek, medyada okuyucusuz, dinleyicisiz, meydanlarda alk\u0131\u015fs\u0131z, seyircisiz  b\u0131rakarak toplumdan soyutlanmas\u0131n\u0131 sa\u011flamak  ger\u00e7ek insan\u0131n insanl\u0131k borcu ve g\u00f6revidir. \u0130nsan\u0131n  bu g\u00f6revlere s\u0131rt d\u00f6nme  hakk\u0131 yoktur.     <\/p>\n<p>     Hi\u00e7 kimsenin, \u0131rklar\u0131, dilleri, dinleri, cinsiyetleri, k\u00fclt\u00fcrleri, d\u00fcnya g\u00f6r\u00fc\u015fleri nedeniyle ki\u015fileri ve toplumlar\u0131 d\u0131\u015flama, toplumlar\u0131 b\u00f6lme, sava\u015f k\u0131\u015fk\u0131rt\u0131c\u0131l\u0131\u011f\u0131 gibi insanl\u0131k su\u00e7lar\u0131n\u0131 i\u015fleyenlere kar\u015f\u0131 sessiz, tepkisiz kalma haklar\u0131 yoktur.  Hele insanla\u015fm\u0131\u015f insanlar\u0131n bu t\u00fcr giri\u015fimlere ve giri\u015fkenlere kar\u015f\u0131 suskun, tepkisiz kalma haklar\u0131 hi\u00e7 yoktur.<\/p>\n<p>     \u0130nsanla\u015fmaya \u00e7al\u0131\u015fan insanlar\u0131n, kendilerine y\u00f6neltilmi\u015f uyar\u0131 ve ele\u015ftirileri te\u015fekk\u00fcrle kar\u015f\u0131lamak yerine ele\u015ftirenlere kar\u015f\u0131  sayg\u0131s\u0131z, sald\u0131rgan tepkiler g\u00f6stermek gibi haklar\u0131 yoktur. \u00c7evrelerindeki ki\u015filere y\u00f6nelme gere\u011fini duyduklar\u0131 uyar\u0131 ve ele\u015ftirilerde cesaret k\u0131r\u0131c\u0131, a\u015fa\u011f\u0131lay\u0131c\u0131, incitici bir \u00fcsl\u00fbp kullanma haklar\u0131 yoktur. Ba\u015fkalar\u0131n\u0131n takdire, alk\u0131\u015fa de\u011fer yap\u0131p ettikleri kar\u015f\u0131s\u0131nda suskun kalma, g\u00f6rmezden, duymazdan gelme haklar\u0131 hi\u00e7 yoktur. <\/p>\n<p>     Ey benim kendini insanl\u0131\u011f\u0131n ilerlemesine, geli\u015fmesine, daha tok, daha sa\u011fl\u0131kl\u0131, daha bar\u0131\u015f\u00e7\u0131l, daha vars\u0131l, daha adil, daha ayd\u0131nl\u0131k bir d\u00fcnyan\u0131n kurulmas\u0131na adam\u0131\u015f  sevgili karde\u015flerim,  siz s\u00f6yleyin l\u00fctfen, yukar\u0131da saymaya \u00e7al\u0131\u015ft\u0131klar\u0131mdan ba\u015fka ne gibi haklar\u0131n\u0131z yoktur?<\/p>\n","protected":false},"excerpt":{"rendered":"<p>\u0130nsan haklar\u0131n\u0131n tart\u0131\u015f\u0131ld\u0131\u011f\u0131 bu g\u00fcnlerde biraz tuhaf ka\u00e7sa da, ben, kendisini ger\u00e7ekten insan olarak in\u015fa edebilmi\u015f kimselerin baz\u0131 haklar\u0131n\u0131n bulunmamas\u0131 gerekti\u011fi kan\u0131s\u0131nda oldu\u011fumu s\u00f6yleyece\u011fim. Bilindi\u011fi \u00fczere, di\u011fer b\u00fct\u00fcn canl\u0131lar gibi insan da canl\u0131 kalmak i\u00e7in \u00fcreme, beslenme, bar\u0131nma, savunma\u2026 gibi temel gereksinimlerini kar\u015f\u0131lamak zorundad\u0131r. insan, bu gereksinimlerini kar\u015f\u0131lamak, bu yolda elde ettiklerini ba\u015fkalar\u0131na kapt\u0131rmamak i\u00e7in [&hellip;]<\/p>\n","protected":false},"author":1,"featured_media":0,"comment_status":"open","ping_status":"open","sticky":false,"template":"","format":"standard","meta":[],"categories":[1],"tags":[],"_links":{"self":[{"href":"https:\/\/www.kocapinarnotlarim.com\/index.php?rest_route=\/wp\/v2\/posts\/1132"}],"collection":[{"href":"https:\/\/www.kocapinarnotlarim.com\/index.php?rest_route=\/wp\/v2\/posts"}],"about":[{"href":"https:\/\/www.kocapinarnotlarim.com\/index.php?rest_route=\/wp\/v2\/types\/post"}],"author":[{"embeddable":true,"href":"https:\/\/www.kocapinarnotlarim.com\/index.php?rest_route=\/wp\/v2\/users\/1"}],"replies":[{"embeddable":true,"href":"https:\/\/www.kocapinarnotlarim.com\/index.php?rest_route=%2Fwp%2Fv2%2Fcomments&post=1132"}],"version-history":[{"count":1,"href":"https:\/\/www.kocapinarnotlarim.com\/index.php?rest_route=\/wp\/v2\/posts\/1132\/revisions"}],"predecessor-version":[{"id":1133,"href":"https:\/\/www.kocapinarnotlarim.com\/index.php?rest_route=\/wp\/v2\/posts\/1132\/revisions\/1133"}],"wp:attachment":[{"href":"https:\/\/www.kocapinarnotlarim.com\/index.php?rest_route=%2Fwp%2Fv2%2Fmedia&parent=1132"}],"wp:term":[{"taxonomy":"category","embeddable":true,"href":"https:\/\/www.kocapinarnotlarim.com\/index.php?rest_route=%2Fwp%2Fv2%2Fcategories&post=1132"},{"taxonomy":"post_tag","embeddable":true,"href":"https:\/\/www.kocapinarnotlarim.com\/index.php?rest_route=%2Fwp%2Fv2%2Ftags&post=1132"}],"curies":[{"name":"wp","href":"https:\/\/api.w.org\/{rel}","templated":true}]}}