{"id":1142,"date":"2021-08-07T18:24:47","date_gmt":"2021-08-07T15:24:47","guid":{"rendered":"https:\/\/www.kocapinarnotlarim.com\/?p=1142"},"modified":"2021-08-07T18:24:48","modified_gmt":"2021-08-07T15:24:48","slug":"kahrolasi-satilik-medya","status":"publish","type":"post","link":"https:\/\/www.kocapinarnotlarim.com\/?p=1142","title":{"rendered":"KAHROLASI   SATILIK   MEDYA"},"content":{"rendered":"<p>     D\u00fcnya halklar\u0131 medyay\u0131 ge\u00e7mi\u015fte toplumun g\u00f6z\u00fc, kula\u011f\u0131, dili olarak benimsedi, g\u00fcvendi, itibar etti. Medya da kendisini \u00f6yle tan\u0131tt\u0131 ba\u015flang\u0131\u00e7ta. Bas\u0131l\u0131 ve g\u00f6rsel medya yaln\u0131zca haberler, do\u011fru ve tarafs\u0131z haberler verecek, halk\u0131n bilgilenmesini, ayd\u0131nlanmas\u0131n\u0131 sa\u011flayacakt\u0131.  \u00d6nceleri  \u00f6yle  de oldu. Ama sonra? Sonra g\u00f6r\u00fcld\u00fc ki, medya halk\u0131 bilgilendirmekle kalm\u0131yor, etkisi alt\u0131na ald\u0131\u011f\u0131 kitleleri d\u00fcped\u00fcz y\u00f6nlendirebiliyor, belli mallar\u0131n, markalar\u0131n t\u00fcketicisi, ba\u011f\u0131ml\u0131s\u0131, belli siyasal g\u00f6r\u00fc\u015flerin, inan\u00e7lar\u0131n g\u00f6z\u00fc d\u00f6nm\u00fc\u015f militan\u0131 haline getirebiliyor, medya sahipleri  ellerindeki bu ara\u00e7lar\u0131n say\u0131s\u0131n\u0131 ve etkilerini artt\u0131rmak i\u00e7in ellerinden geleni yapmaya koyuldular: Teknisyenler yeti\u015ftirdiler,  teknolojilerini  geli\u015ftirdiler\u2026  Ve g\u00fcn geldi, halk\u0131n g\u00f6z\u00fc, kula\u011f\u0131, dili olma iddias\u0131 usullac\u0131k unutturuldu.  Bu nitelikler yerlerini halk\u0131n k\u0131lavuz kargas\u0131na,  afyonuna, halk\u0131n t\u00fcm de\u011ferlerinin pazarlay\u0131c\u0131s\u0131na, kamuoyu g\u00fcd\u00fcc\u00fcl\u00fc\u011f\u00fcne b\u0131rakt\u0131lar.<\/p>\n<p>     G\u00fcn\u00fcm\u00fcz medyas\u0131 art\u0131k halk\u0131n ger\u00e7ekleri g\u00f6rmesine, duymas\u0131na, tepkisini g\u00f6stermesine hizmet  etmiyor. O anlay\u0131\u015f tarihin derinliklerinde kaybolup gitti. Medya \u015fimdi para babalar\u0131n\u0131n, siyaset babalar\u0131n\u0131n halka g\u00f6stermek istediklerini, duyurmak istediklerini, inand\u0131rmak ve s\u00f6yletmek istediklerini d\u00f6k\u00fcyor sayfalara ve ekranlara yaln\u0131zca halk\u0131 uyu\u015fturacak,  \u015fartland\u0131racak, ger\u00e7ek g\u00fcndemden, ayd\u0131nl\u0131ktan uzakla\u015ft\u0131racak z\u0131rvalar\u0131, k\u00f6p\u00fck dizileri, s\u00f6z\u00fcm ona e\u011flence programlar\u0131n\u0131  yans\u0131t\u0131yor.<\/p>\n<p>     Ba\u015fka t\u00fcrl\u00fc de olabilirdi oysa.  \u00d6rne\u011fin gazeteler halk\u0131n bilgilenmesine, kamu hizmetlerinin halka m\u0131 yoksa belirli \u00e7\u0131kar \u00e7evrelerine mi y\u00f6nlendirildi\u011fini  ad\u0131m ad\u0131m izleyebilir, bu do\u011frultudaki ele\u015ftiri ve \u00f6nerilerini ortaya koyabilirdi.  Yerel ve genel televizyonlar ekranlar\u0131n\u0131 bilimsel yay\u0131n ve belgesellerle  kendilerini birer a\u00e7\u0131k \u00fcniversite onuruna ve d\u00fczeyine y\u00fckseltebilirlerdi.  De\u011fi\u015fik g\u00f6r\u00fc\u015flerden insanlar\u0131n kat\u0131laca\u011f\u0131  insanlar\u0131 bir araya getirerek bilimsel, siyasal ve felsefi konular\u0131n tart\u0131\u015f\u0131lmas\u0131n\u0131 sa\u011flayabilir, mevcut seviyesiz programlar\u0131yla  toplumu ve insanlar\u0131 a\u015fa\u011f\u0131lamaktan ka\u00e7\u0131nabilirlerdi. Ge\u00e7mi\u015f y\u00fczy\u0131llardan, bin y\u0131llardan g\u00fcn\u00fcm\u00fcze kalm\u0131\u015f uygarl\u0131k izlerine,  k\u00fclt\u00fcr varl\u0131klar\u0131na sahip \u00e7\u0131kar ve yetkililerin de ayn\u0131 hassasiyeti g\u00f6stermelerini talep edebilirlerdi. <\/p>\n<p>     Pek iyi, yaz\u0131l\u0131 ve g\u00f6rsel medyan\u0131n t\u00fcm\u00fc ayn\u0131 aymazl\u0131kta, ayn\u0131 \u00e7\u0131karc\u0131l\u0131kta,  ayn\u0131 paraya tap\u0131c\u0131l\u0131kta m\u0131? De\u011fil elbet. Say\u0131lar\u0131 \u00e7ok az da olsa, halk\u0131na, eme\u011fe, bilime ve tarihe sayg\u0131l\u0131 olan, vars\u0131llar\u0131n emrine girmeyen,  sayfalar\u0131n\u0131 ve ekranlar\u0131n\u0131 halka ihanet edenlere a\u00e7mayan,  ger\u00e7ekten halk\u0131n g\u00f6z\u00fc, kula\u011f\u0131 ve sesi olan gazete ve televizyonlar da var.  Ancak onlardan \u00f6\u011frenebiliyoruz ger\u00e7ekte neler olup bitti\u011fini.  <\/p>\n<p>     Bir zamanlar d\u00fcnyaya tar\u0131m \u00fcr\u00fcnleri ve hayvan satan \u00fclkemizin bu g\u00fcn kom\u015fu \u00fclkelerden  kurbanl\u0131k hayvan, saman ve pamuk almak zorunda kald\u0131\u011f\u0131n\u0131 yaln\u0131zca onlardan \u00f6\u011frenebiliyoruz. Bir zamanlar yurtta bar\u0131\u015f, d\u00fcnyada bar\u0131\u015f ilkesini savunurken \u015fimdi ba\u015fkalar\u0131n\u0131n menfaatine olmak \u00fczere kom\u015fu \u00fclkelerdeki kar\u0131\u015f\u0131kl\u0131klar\u0131 para ve silah deste\u011fiyle k\u00f6r\u00fckledi\u011fimizi\u2026 onlardan \u00f6\u011freniyoruz. B\u00fct\u00fcn bunlar olup biterken okuyucular\u0131n\u0131, seyircilerini  k\u00f6p\u00fck dizilerle, aptalca e\u011flence programlar\u0131yla, hurafe dolu belgeselleriyle ve kendi ordumuzu a\u015fa\u011f\u0131lay\u0131c\u0131 d\u00fczmece belgelerle d\u00fc\u015fmanlar\u0131m\u0131za hizmet veren Cumhuriyetimize d\u00fc\u015fman medya, \u00fclkemizin, halk\u0131m\u0131z\u0131n, ordumuzun u\u011frad\u0131\u011f\u0131 sald\u0131r\u0131lar\u0131 g\u00f6rmezden, duymazdan gelerek sat\u0131lm\u0131\u015f oldu\u011funu a\u00e7\u0131k\u00e7a ortaya koymaktad\u0131r.  <\/p>\n<p>     Muktedirlere ya\u011fdanl\u0131k  ve yalakal\u0131k yapmakta birbirleriyle yar\u0131\u015fmakta olan  bu sat\u0131l\u0131klara art\u0131k itibar  etmemeliyiz. Hep onlar\u0131 okumak, hep onlar\u0131 dinlemek, seyretmek zorunda m\u0131y\u0131z?  Kap\u0131lar\u0131m\u0131z\u0131n \u00f6n\u00fcne paras\u0131z b\u0131rak\u0131lanlar da dahil olmak \u00fczere, halk\u0131m\u0131za, \u00fclkemize, ordumuza, \u00fcreticilerimize d\u00fc\u015fman olan bu rezilleri ekranlar\u0131m\u0131zdan, masalar\u0131m\u0131zdan def edelim art\u0131k. Ve sesimizi y\u00fckseltelim: Kahrolsun sat\u0131l\u0131k medya. Yetti be!<\/p>\n","protected":false},"excerpt":{"rendered":"<p>D\u00fcnya halklar\u0131 medyay\u0131 ge\u00e7mi\u015fte toplumun g\u00f6z\u00fc, kula\u011f\u0131, dili olarak benimsedi, g\u00fcvendi, itibar etti. Medya da kendisini \u00f6yle tan\u0131tt\u0131 ba\u015flang\u0131\u00e7ta. Bas\u0131l\u0131 ve g\u00f6rsel medya yaln\u0131zca haberler, do\u011fru ve tarafs\u0131z haberler verecek, halk\u0131n bilgilenmesini, ayd\u0131nlanmas\u0131n\u0131 sa\u011flayacakt\u0131. \u00d6nceleri \u00f6yle de oldu. Ama sonra? Sonra g\u00f6r\u00fcld\u00fc ki, medya halk\u0131 bilgilendirmekle kalm\u0131yor, etkisi alt\u0131na ald\u0131\u011f\u0131 kitleleri d\u00fcped\u00fcz y\u00f6nlendirebiliyor, belli mallar\u0131n, [&hellip;]<\/p>\n","protected":false},"author":1,"featured_media":0,"comment_status":"open","ping_status":"open","sticky":false,"template":"","format":"standard","meta":[],"categories":[1],"tags":[],"_links":{"self":[{"href":"https:\/\/www.kocapinarnotlarim.com\/index.php?rest_route=\/wp\/v2\/posts\/1142"}],"collection":[{"href":"https:\/\/www.kocapinarnotlarim.com\/index.php?rest_route=\/wp\/v2\/posts"}],"about":[{"href":"https:\/\/www.kocapinarnotlarim.com\/index.php?rest_route=\/wp\/v2\/types\/post"}],"author":[{"embeddable":true,"href":"https:\/\/www.kocapinarnotlarim.com\/index.php?rest_route=\/wp\/v2\/users\/1"}],"replies":[{"embeddable":true,"href":"https:\/\/www.kocapinarnotlarim.com\/index.php?rest_route=%2Fwp%2Fv2%2Fcomments&post=1142"}],"version-history":[{"count":1,"href":"https:\/\/www.kocapinarnotlarim.com\/index.php?rest_route=\/wp\/v2\/posts\/1142\/revisions"}],"predecessor-version":[{"id":1143,"href":"https:\/\/www.kocapinarnotlarim.com\/index.php?rest_route=\/wp\/v2\/posts\/1142\/revisions\/1143"}],"wp:attachment":[{"href":"https:\/\/www.kocapinarnotlarim.com\/index.php?rest_route=%2Fwp%2Fv2%2Fmedia&parent=1142"}],"wp:term":[{"taxonomy":"category","embeddable":true,"href":"https:\/\/www.kocapinarnotlarim.com\/index.php?rest_route=%2Fwp%2Fv2%2Fcategories&post=1142"},{"taxonomy":"post_tag","embeddable":true,"href":"https:\/\/www.kocapinarnotlarim.com\/index.php?rest_route=%2Fwp%2Fv2%2Ftags&post=1142"}],"curies":[{"name":"wp","href":"https:\/\/api.w.org\/{rel}","templated":true}]}}