{"id":1150,"date":"2021-08-07T18:36:42","date_gmt":"2021-08-07T15:36:42","guid":{"rendered":"https:\/\/www.kocapinarnotlarim.com\/?p=1150"},"modified":"2021-08-07T18:36:42","modified_gmt":"2021-08-07T15:36:42","slug":"sadik-atanmis-beyin-derin-kederi","status":"publish","type":"post","link":"https:\/\/www.kocapinarnotlarim.com\/?p=1150","title":{"rendered":"SADIK ATANMI\u015e BEY\u2019\u0130N DER\u0130N KEDER\u0130"},"content":{"rendered":"<p>     Sad\u0131k ATANMI\u015e Beyefendi pek mutluydu birka\u00e7 g\u00fcn \u00f6ncesine dek. A\u011fz\u0131 kulaklar\u0131ndayd\u0131 sevincinden. Nas\u0131l sevinmesindi ki? Bir punduna getirip \u00e7ok say\u0131n genel ba\u015fkan\u0131yla  Meclis giri\u015finde kar\u015f\u0131la\u015fm\u0131\u015f, ba\u015fkan\u0131n l\u00fctfuyla  iki saniyeli\u011fine g\u00f6z g\u00f6ze gelmi\u015fti. Kendisi belini k\u0131r\u0131p yerlere kadar e\u011filmi\u015f, arz-\u0131 h\u00fcrmet etmi\u015f, o m\u00fcbarek zat da hafif\u00e7e tebess\u00fcm eder gibi olmu\u015ftu.  Sad\u0131k Bey bu f\u0131rsat\u0131 de\u011ferlendirip \u201cMuhterem genel ba\u015fkan\u0131m\u2026\u201d diye arz-\u0131 ubudiyet etmeye hamle ettiyse de, muhterem \u015fahsiyet, korumalar\u0131 aras\u0131nda h\u0131zla uzakla\u015f\u0131p gitmi\u015fti. Sad\u0131k ATANMI\u015e Beyefendi \u00f6ylece kalakalm\u0131\u015ft\u0131 ortada. Olsun vars\u0131nd\u0131, muhterem genel ba\u015fkanla konu\u015fma f\u0131rsat\u0131 bulamam\u0131\u015f olsundu. Muhteremle iki saniyeli\u011fine g\u00f6z g\u00f6ze gelmek bile yeterdi adam olana\u2026 Eh, kendisi de adam gibi adamd\u0131 yani. Tam da genel ba\u015fkan\u0131n istedi\u011fi gibi davranm\u0131\u015ft\u0131 d\u00f6rt y\u0131l boyunca: Parmak kald\u0131r denildi\u011finde parmak kald\u0131rm\u0131\u015f, kald\u0131rma denildi\u011finde kald\u0131rmam\u0131\u015ft\u0131.<br \/>\nYeni se\u00e7imde de aday listesinin uygun bir yerine konulacakt\u0131 mutlaka. Bundan ku\u015fkusu yoktu! Olabilir miydi?<\/p>\n<p>     Aday listeleri haz\u0131rlan\u0131rken parti genel merkezinde birden ortaya \u00e7\u0131kan aday aday\u0131 bollu\u011fu di\u011fer atanm\u0131\u015flar gibi Sad\u0131k ATANMI\u015e Beyefendi\u2019nin de huzurunu bozdu. Muhterem genel ba\u015fkan kendisinin sadakatinden ku\u015fku duymazd\u0131 elbet ama ya yeni gelen binlerce ki\u015fi aras\u0131nda birileri kendisinden daha sad\u0131k g\u00f6r\u00fcl\u00fcrse ne olacakt\u0131?  Bu soru \u00e7ok can\u0131n\u0131 s\u0131kt\u0131 Sad\u0131k Beyefendi\u2019nin. Sonunda d\u00fcped\u00fcz uykular\u0131 ka\u00e7t\u0131. Listenin a\u00e7\u0131klanmas\u0131ndan \u00f6nceki iki geceyi t\u00fcmden uykusuz ge\u00e7irdi. Muhterem genel ba\u015fkana ula\u015fman\u0131n bin bir yolunu denedi ise de bir t\u00fcrl\u00fc ba\u015far\u0131l\u0131 olamad\u0131. <\/p>\n<p>     Ve\u2026 sonunda listeler a\u00e7\u0131kland\u0131: Sad\u0131k ATANMI\u015e Beyefendi de, daha \u00f6nce atanm\u0131\u015flar\u0131n yar\u0131ya yak\u0131n\u0131 da yeni listede yoklard\u0131. Koskoca d\u00fcnya Sad\u0131k Beyefendinin de, bu kez liste d\u0131\u015f\u0131 b\u0131rak\u0131lan di\u011fer atanm\u0131\u015flar\u0131n da ba\u015flar\u0131na y\u0131k\u0131ld\u0131. Nas\u0131l olurdu efendim, bu onlara yap\u0131l\u0131r m\u0131yd\u0131? Muhterem genel ba\u015fkan\u0131n yapt\u0131\u011f\u0131 da t\u00fcmden nank\u00f6rl\u00fckt\u00fc yani! De\u011fer bilmezlikti. Listeye girmek as\u0131l onlar\u0131n hakk\u0131yd\u0131. Ger\u00e7i listeye girmenin neden kendi haklar\u0131 oldu\u011funu kendileri de bilmiyordu,  ge\u00e7mi\u015fte vekili olarak atand\u0131klar\u0131 millet de bilmiyordu ya her neyse! Haklar\u0131 yenmi\u015fti i\u015fte. Ma\u011fduriyet yaftas\u0131n\u0131 g\u00f6\u011f\u00fcslerine \u00e7aprazlama as\u0131p sine-i millete d\u00f6nmekten ba\u015fka yapabilecekleri bir \u015fey kalmam\u0131\u015ft\u0131.<\/p>\n<p>     Sad\u0131k ATANMI\u015e Beyefendi, liste d\u0131\u015f\u0131nda kald\u0131ktan sonra uzunca bir s\u00fcre derin kederler i\u00e7inde kula\u00e7 att\u0131. Soyad\u0131, se\u00e7imden \u00f6nceki parlamenterlik d\u00f6nemindeki haline denk d\u00fc\u015f\u00fcyordu: ATANMI\u015e\u2026 Peki, \u015fimdi kendisini nas\u0131l tan\u0131tacakt\u0131? Bu kez ATANMAMI\u015e m\u0131 demeliydi? \u0130\u015fi \u00e7ok zordu. En iyisi psikolojik destek almak m\u0131yd\u0131 ne!<\/p>\n<p>     Sonunda bir doktora gitti, kendini \u201cBen Sad\u0131k ATANMI\u015e, bu kez atanmam\u0131\u015f milletvekili\u201d  diye tan\u0131tt\u0131. Doktor, dikkatle bakt\u0131 Sad\u0131k Beyefendi\u2019nin g\u00f6zlerine ve s\u00fckunetle: \u201cAffedersiniz,\u201d dedi, \u201cBen milletvekillerinin millet\u00e7e se\u00e7ildiklerini, hizmetlerinden ho\u015fnut kal\u0131nmazsa da bir daha  se\u00e7ilmediklerini san\u0131rd\u0131m. Ne zaman oldu bu de\u011fi\u015fiklik? Milletvekilli\u011fi ne zamandan beri se\u00e7im yerine atanmayla kazan\u0131l\u0131yor? Bunda bir yanl\u0131\u015fl\u0131k m\u0131 var, ben mi yanl\u0131\u015f anlad\u0131m?\u201d   <\/p>\n<p>     Sad\u0131k ATANMI\u015e Beyefendi, doktorla g\u00f6r\u00fc\u015fmenin kendisine yarar sa\u011flamayaca\u011f\u0131 kanaatine vard\u0131. \u00c7\u00fcnk\u00fc doktor \u00e7a\u011f\u0131n \u00e7ok \u00e7ok gerisinde kalm\u0131\u015ft\u0131: \u0130leri demokrasilerde parti genel ba\u015fkanlar\u0131n\u0131n b\u00fcy\u00fck fedakarl\u0131klarla millete vekiller atad\u0131klar\u0131n\u0131n, milletin \u00f6yle kendine vekil se\u00e7me gibi k\u00fc\u00e7\u00fck i\u015flerle u\u011fra\u015fmas\u0131na gerek kalmad\u0131\u011f\u0131n\u0131n fark\u0131nda de\u011fildi. B\u00f6yle bir doktordan ne fayda beklenirdi ki?<\/p>\n<p>Sad\u0131k ATANMI\u015e (Bu kez atanmam\u0131\u015f) Beyefendi  i\u00e7inde tarifsiz derin bir kederle doktorun odas\u0131ndan \u00e7\u0131kt\u0131. Villas\u0131na d\u00f6nerken, d\u00f6rt y\u0131l sonra yap\u0131lacak se\u00e7imde yeniden millet vekilli\u011fine atanmak i\u00e7in neler yapmas\u0131 gerekti\u011fini d\u00fc\u015f\u00fcnmeye koyuldu\u2026 <\/p>\n","protected":false},"excerpt":{"rendered":"<p>Sad\u0131k ATANMI\u015e Beyefendi pek mutluydu birka\u00e7 g\u00fcn \u00f6ncesine dek. A\u011fz\u0131 kulaklar\u0131ndayd\u0131 sevincinden. Nas\u0131l sevinmesindi ki? Bir punduna getirip \u00e7ok say\u0131n genel ba\u015fkan\u0131yla Meclis giri\u015finde kar\u015f\u0131la\u015fm\u0131\u015f, ba\u015fkan\u0131n l\u00fctfuyla iki saniyeli\u011fine g\u00f6z g\u00f6ze gelmi\u015fti. Kendisi belini k\u0131r\u0131p yerlere kadar e\u011filmi\u015f, arz-\u0131 h\u00fcrmet etmi\u015f, o m\u00fcbarek zat da hafif\u00e7e tebess\u00fcm eder gibi olmu\u015ftu. Sad\u0131k Bey bu f\u0131rsat\u0131 de\u011ferlendirip [&hellip;]<\/p>\n","protected":false},"author":1,"featured_media":0,"comment_status":"open","ping_status":"open","sticky":false,"template":"","format":"standard","meta":[],"categories":[1],"tags":[],"_links":{"self":[{"href":"https:\/\/www.kocapinarnotlarim.com\/index.php?rest_route=\/wp\/v2\/posts\/1150"}],"collection":[{"href":"https:\/\/www.kocapinarnotlarim.com\/index.php?rest_route=\/wp\/v2\/posts"}],"about":[{"href":"https:\/\/www.kocapinarnotlarim.com\/index.php?rest_route=\/wp\/v2\/types\/post"}],"author":[{"embeddable":true,"href":"https:\/\/www.kocapinarnotlarim.com\/index.php?rest_route=\/wp\/v2\/users\/1"}],"replies":[{"embeddable":true,"href":"https:\/\/www.kocapinarnotlarim.com\/index.php?rest_route=%2Fwp%2Fv2%2Fcomments&post=1150"}],"version-history":[{"count":1,"href":"https:\/\/www.kocapinarnotlarim.com\/index.php?rest_route=\/wp\/v2\/posts\/1150\/revisions"}],"predecessor-version":[{"id":1151,"href":"https:\/\/www.kocapinarnotlarim.com\/index.php?rest_route=\/wp\/v2\/posts\/1150\/revisions\/1151"}],"wp:attachment":[{"href":"https:\/\/www.kocapinarnotlarim.com\/index.php?rest_route=%2Fwp%2Fv2%2Fmedia&parent=1150"}],"wp:term":[{"taxonomy":"category","embeddable":true,"href":"https:\/\/www.kocapinarnotlarim.com\/index.php?rest_route=%2Fwp%2Fv2%2Fcategories&post=1150"},{"taxonomy":"post_tag","embeddable":true,"href":"https:\/\/www.kocapinarnotlarim.com\/index.php?rest_route=%2Fwp%2Fv2%2Ftags&post=1150"}],"curies":[{"name":"wp","href":"https:\/\/api.w.org\/{rel}","templated":true}]}}