{"id":1970,"date":"2025-05-02T12:50:10","date_gmt":"2025-05-02T09:50:10","guid":{"rendered":"https:\/\/www.kocapinarnotlarim.com\/?p=1970"},"modified":"2025-05-03T01:47:12","modified_gmt":"2025-05-02T22:47:12","slug":"1970","status":"publish","type":"post","link":"https:\/\/www.kocapinarnotlarim.com\/?p=1970","title":{"rendered":"UNUTMAK  \u0130STED\u0130\u011e\u0130M  \u0130\u015eKENCELER   -2-"},"content":{"rendered":"<p>&nbsp;<\/p>\n<p>&nbsp;<\/p>\n<p>UNUTMAK \u0130STED\u0130\u011e\u0130M \u0130\u015eKENCELER \u00a0\u00a0\u00a0-2-<\/p>\n<p>&#8220;Sana soran var m\u0131.?&#8221;<\/p>\n<p>&#8221; Ben say\u0131n komutan\u0131m\u0131n sorusuna cevap vermeye \u00e7al\u0131\u015f\u0131yorum.&#8221;<\/p>\n<p>&#8220;Sayg\u0131de\u011fer komutan\u0131m, de\u011ferli arkada\u015flar\u0131m\u0131n sorunuzu neden cevapland\u0131rmad\u0131klar\u0131n\u0131 bilmiyorum. \u00a0Ben de susarsam, burada olup bitenlerin makam\u0131n\u0131za ula\u015famayaca\u011f\u0131 endi\u015fesindeyim Bu nedenle hem ki\u015fisel olarak ya\u015fad\u0131klar\u0131m\u0131 hem de ya\u015fad\u0131klar\u0131m ve g\u00f6rd\u00fcklerimden kaynaklanan kayg\u0131lar\u0131m\u0131, d\u00fc\u015f\u00fcncelerimi s\u00f6ylemeyi insanl\u0131k ve yurtta\u015fl\u0131k g\u00f6revim say\u0131yorum.<\/p>\n<p>\u201cBen ki bu grupta en az i\u015fkence g\u00f6ren ki\u015fiyim. Nedeni ihbar listesinde ad\u0131m\u0131n bulunmay\u0131\u015f\u0131d\u0131r. Sorgulay\u0131c\u0131 memur bunu bildikleri i\u00e7in i\u015fin ba\u015f\u0131nda her iki elime ve koluma elli\u015fer k\u0131z\u0131lc\u0131k sopas\u0131 vurduktan sonra:\u00a0 &#8221; Okulunuzun duvarlar\u0131ndaki sloganlar\u0131 senin yazmad\u0131\u011f\u0131n\u0131 biliyoruz \u00e7\u00fcnk\u00fc ihbar listesinde ad\u0131n yok. \u0130ki y\u0131ld\u0131r ayn\u0131 yerde yat\u0131l\u0131 okudu\u011funuza g\u00f6re birbirinizi tan\u0131rs\u0131n\u0131z ve o sloganlar\u0131 kimin yazm\u0131\u015f olabilece\u011fini biliyorsunuz demektir. Haydi onlardan birka\u00e7\u0131n\u0131n ad\u0131n\u0131 s\u00f6yle de i\u015fimiz bitiversin.&#8221; dedi.<\/p>\n<p>&#8221; Sayg\u0131de\u011fer komutan\u0131m, kendi \u00f6l\u00e7\u00fclerimle \u00e7ok iyi \u00f6\u011fretmenlerimden \u00e7ok de\u011ferli dersler ald\u0131m. Bu derslerden biri de kendi yarar\u0131ma da olsa yalan s\u00f6ylememek ve kimseye iftira atmamakt\u0131r. B\u00f6yle davranmak benim ki\u015filik \u00f6zelli\u011fimdir. Yedi\u011fim k\u0131z\u0131lc\u0131k sopalar\u0131n\u0131n a\u011fr\u0131s\u0131 k\u0131sa s\u00fcrede ge\u00e7ecektir. Oysa kendimi kurtarmak i\u00e7in ba\u015fkalar\u0131n\u0131 b\u00f6yle bir i\u015fkenceye g\u00f6ndermek benim ki\u015fili\u011fime ve erdem anlay\u0131\u015f\u0131ma ayk\u0131r\u0131d\u0131r. Say\u0131n sorgucular. i\u015fte bu\u00a0 \u00a0nedenle bu istedi\u011finizi yapmayaca\u011f\u0131m. &#8221; dedim ve ellerimi a\u00e7\u0131p kollar\u0131m\u0131 uzatarak :\u00a0\u00a0 \u201c\u015eimdi buyurun devam edin l\u00fctfen&#8221; diye ekledim.\u201d<\/p>\n<p>Bunlar\u0131 anlatt\u0131\u011f\u0131m i\u00e7in sorguculardan \u015fikayet\u00e7i oldu\u011fum san\u0131lmas\u0131n l\u00fctfen. Ben, tav\u0131rlar\u0131ndan onlar\u0131n sadist varl\u0131klar olmad\u0131klar\u0131n\u0131, ba\u015fka bir ge\u00e7im kaynaklar\u0131 bulunmad\u0131\u011f\u0131ndan bu i\u015fe sadece ge\u00e7im derdiyle katland\u0131klar\u0131n\u0131 anlad\u0131m.\u201d<\/p>\n<p>\u201cSorgulamalarda, \u00e7o\u011fu kez hem sorgulanan hem sorgulayan i\u015fkence \u00e7ekiyor.\u201c\u00a0 Bunun sorumlusu \u00a0\u00a0sorgu s\u00fcrecinin ba\u015f\u0131ndakilerdir. \u00c7\u00fcnk\u00fc bu i\u015fin ba\u015f\u0131ndakiler su\u00e7 konusunu olu\u015fturan el yaz\u0131lar\u0131n\u0131n \u00a0kimler taraf\u0131ndan yaz\u0131ld\u0131\u011f\u0131n\u0131 ara\u015ft\u0131ran bir bilimsel y\u00f6ntemin varl\u0131\u011f\u0131n\u0131 bilselerdi, hi\u00e7 ku\u015fku \u00a0\u00a0yok , su\u00e7lular hem \u00e7ok kolay hem ve \u00e7abuk bulunur\u00a0 hem de \u00a0\u00a0\u00e7ok ucuza mal olabilirdi., \u00d6te yandan, \u015fiddet y\u00f6nteminin kurban\u0131 olan bir\u00e7ok \u00a0\u00a0gen\u00e7 insan\u0131m\u0131z ya\u015fad\u0131klar\u0131 k\u00f6t\u00fc muamelenin g\u00fcnah\u0131n\u0131 ve ay\u0131b\u0131n\u0131 devletin defterine yazmazd\u0131.\u201d<\/p>\n<p>\u201cSayg\u0131de\u011fer Komutan\u0131m\u00a0 \u00a0su\u00e7 olu\u015fturan \u00a0\u00a0elle yaz\u0131lm\u0131\u015f yaz\u0131lar\u0131n kimler taraf\u0131ndan yaz\u0131ld\u0131\u011f\u0131n\u0131 inceleyen bilim, malumunuz oldu\u011fu \u00fczere epigrafidir. Olay\u0131n ara\u015ft\u0131rma ve soru\u015fturmas\u0131n\u0131 yapan emniyet g\u00f6revlileri okulumuzun duvarlar\u0131ndaki siyasi sloganlar\u0131n foto\u011fraflar\u0131n\u0131 ve olay\u0131n \u015f\u00fcphelilerinin yaz\u0131 \u00f6rneklerini al\u0131p epigrafi uzmanlar\u0131na inceletmeyi d\u00fc\u015f\u00fcnselerdi hem i\u015fkenceyle su\u00e7 kabul ve iftira ettirmek gibi \u00a0\u00a0bir insanl\u0131k su\u00e7u i\u015flenmez, hem de burada ve pek \u00e7ok yerde pek \u00e7ok gencimizin \u00a0\u00a0falakalarla, i\u015fkencelerle zedelenen onurlu ki\u015filiklerinin ve yurtseverlik duygular\u0131n\u0131n onar\u0131lmas\u0131 gibi \u00e7ok zor g\u00f6revler \u00fcretilmezdi.\u201d<\/p>\n<p>\u201cBen, a\u015fa\u011f\u0131lamalar, onur k\u0131r\u0131c\u0131 i\u015flemler, i\u015fkenceler ve benzeri olan pek \u00e7ok insanl\u0131k d\u0131\u015f\u0131 uygulamalarla \u00fclkemizin, ulusumuzun b\u00f6l\u00fcnmesine \u00e7al\u0131\u015f\u0131ld\u0131\u011f\u0131na inan\u0131yorum. Bunlar\u0131 s\u00f6ylemeyi kendim i\u00e7in hem bir yurtta\u015fl\u0131k hem de insanl\u0131k g\u00f6revi bildim. Beni dinlemek l\u00fctfunda bulundu\u011funuz i\u00e7in minnet ve sayg\u0131lar\u0131m\u0131 sunuyorum.\u201d<\/p>\n<p>Ruhsal peri\u015fanl\u0131ktan m\u0131, nedenini bilemeyece\u011fimiz tela\u015f ve korkulardan m\u0131 bilinmez, zang\u0131r zang\u0131r titreyen Emniyet M\u00fcd\u00fcr Yard\u0131mc\u0131s\u0131 g\u00f6zleriyle beni adeta kur\u015funa diziyordu.<\/p>\n<p>General \u00a0\u00a0ona d\u00f6n\u00fcp sordu: \u201cBu ki\u015finin s\u00f6ylediklerini yapmay\u0131 d\u00fc\u015f\u00fcnemediniz mi \u00a0M\u00fcd\u00fcr?<\/p>\n<p>M\u00fcd\u00fcr Yard\u0131mc\u0131s\u0131n\u0131n g\u0131k\u0131 \u00e7\u0131kmad\u0131; kem k\u00fcm bile edemedi. \u00d6ylece susup kald\u0131.<\/p>\n<p>General \u00f6fkeli bir eda ile \u201cKaligrafi incelemesini hemen yapt\u0131r\u0131n ve bu \u00e7ocuklar\u0131 serbest b\u0131rak\u0131n!\u201d diyerek \u00e7\u0131kt\u0131, gitti.<\/p>\n<p>O g\u00fcn gerekli i\u015flemler\u00a0\u00a0 yap\u0131ld\u0131. Yaz\u0131 incelemeleri ertesi sabah bitti ve serbest b\u0131rak\u0131ld\u0131k.\u00a0 \u201c<\/p>\n<p>\u201cDaha sonra \u00f6zel bir ara\u015ft\u0131rmayla, soru\u015fturma konusu slogan\u0131n bir k\u0131z meselesi sonunda d\u00f6v\u00fc\u015fen iki gencin \u00a0\u00a0g\u00f6n\u00fcl \u00e7\u0131kmaz\u0131ndan\u00a0\u00a0 kaynaklanan bir \u00f6\u00e7 alma giri\u015fiminin \u00fcr\u00fcn\u00fc oldu\u011fu ve yapan\u0131n yan\u0131na kar kald\u0131\u011f\u0131 anla\u015f\u0131ld\u0131.<\/p>\n<p>Benim ve arkada\u015flar\u0131m\u0131n 1971 Haziran ay\u0131 ba\u015flar\u0131nda ya\u015fad\u0131\u011f\u0131m\u0131z d\u00f6rt g\u00fcnl\u00fck k\u0131z\u0131lc\u0131k sopas\u0131 maceras\u0131, ayn\u0131 g\u00fcnlerde ayn\u0131 mekanda aylarca tutulan ve tuvalete ancak polis kuca\u011f\u0131nda ta\u015f\u0131nan \u0130lkay DEM\u0130R ve e\u015fi Necmi DEM\u0130R\u2019in, TKP\u2019li oldu\u011fu iddias\u0131yla\u00a0 \u00a0tutuklanan arkada\u015flar\u0131m \u0130smail SOMUNCU, Burhanettin \u00c7ET\u0130NKAYA, Mehmet KURNAZ , T\u00d6B DER \u00fcyesi\u00a0 \u00f6\u011fretmen \u0130lhami \u015eEN\u2019in ve adlar\u0131n\u0131 \u015fu anda an\u0131msayamad\u0131\u011f\u0131m bir y\u0131\u011f\u0131n karde\u015fime \u00a0sorgular\u0131 s\u0131ras\u0131nda uygulanan i\u015fkencelerle ve Anar\u015fist eylemlerde bulundu\u011fu iddias\u0131yla Diyarbak\u0131r\u00a0 Ceza\u00a0\u00a0 Evi\u2019nde uygulanan i\u015fkencelerle\u00a0 \u00f6ld\u00fc san\u0131larak morga kald\u0131r\u0131l\u0131p \u00f6l\u00fcm\u00fc n\u00fcfus kayd\u0131na i\u015flenen, bu arada so\u011fuktan kendine gelerek morgdaki so\u011futma sisteminin kuytuda kalan alt\u0131na s\u0131\u011f\u0131n\u0131p \u00f6l\u00fcmden kurtulan \u00f6\u011fretmen \u015e\u00fckr\u00fc TOSUN ile daha pek \u00e7ok ki\u015finin ya\u015fad\u0131klar\u0131 i\u015fkenceler yan\u0131nda i\u015fkencenin \u201c\u0130\u201d si bile say\u0131lamayacak\u00a0 olan benim ya\u015fad\u0131klar\u0131m elbet unutulmayacak\u00a0 \u015feyler de\u011fildir.<\/p>\n<p>Nitekim, Sara\u00e7hane\u2019de eyleme kat\u0131ld\u0131klar\u0131 i\u00e7in g\u00f6zalt\u0131na al\u0131na ve tutukevlerinde i\u015fkence yap\u0131ld\u0131\u011f\u0131 iddialar\u0131n\u0131n hat\u0131rlatmas\u0131yla an\u0131msamam \u00fczerine yazma gere\u011fini duydum. Bir ay kadar \u00f6nce size reva g\u00f6r\u00fclen k\u00f6t\u00fc muameleler elbet ho\u015f g\u00f6r\u00fclecek \u015feyler de\u011fildir. Ama\u00a0 l\u00fctfen unutmay\u0131n ki size \u00e7ektirilen ac\u0131lar\u00a0\u00a0 k\u0131sa s\u00fcrede yok olacak fizik \u2013 biyolojik \u015feylerdir. Onur k\u0131r\u0131c\u0131 \u00f6zellikleri yoktur. Bunlar\u0131 ya\u015famaktan dolay\u0131 sizi utand\u0131racak bir neden yoktur. Siz ki\u00a0 bir \u00e7ok ki\u015finin hen\u00fcz g\u00f6ze alamad\u0131klar\u0131 bir d\u00fczeye ula\u015fm\u0131\u015f, insanlar\u0131n demokratik haklar\u0131n\u0131n gasp\u0131na kar\u015f\u0131 \u00e7\u0131kma eylemlerine kat\u0131lm\u0131\u015fs\u0131n\u0131z. Ne mutlu.\u00a0 Kutlanmay\u0131 hak eden gen\u00e7lersiniz.<\/p>\n<p>Sa\u011f olun, var olun, \u00f6rnek olun!\u2026<\/p>\n<p>&nbsp;<\/p>\n<p>1 May\u0131s 2025<\/p>\n<p>REMZ\u0130 KISA -Band\u0131rma<\/p>\n","protected":false},"excerpt":{"rendered":"<p>&nbsp; &nbsp; UNUTMAK \u0130STED\u0130\u011e\u0130M \u0130\u015eKENCELER \u00a0\u00a0\u00a0-2- &#8220;Sana soran var m\u0131.?&#8221; &#8221; Ben say\u0131n komutan\u0131m\u0131n sorusuna cevap vermeye \u00e7al\u0131\u015f\u0131yorum.&#8221; &#8220;Sayg\u0131de\u011fer komutan\u0131m, de\u011ferli arkada\u015flar\u0131m\u0131n sorunuzu neden cevapland\u0131rmad\u0131klar\u0131n\u0131 bilmiyorum. \u00a0Ben de susarsam, burada olup bitenlerin makam\u0131n\u0131za ula\u015famayaca\u011f\u0131 endi\u015fesindeyim Bu nedenle hem ki\u015fisel olarak ya\u015fad\u0131klar\u0131m\u0131 hem de ya\u015fad\u0131klar\u0131m ve g\u00f6rd\u00fcklerimden kaynaklanan kayg\u0131lar\u0131m\u0131, d\u00fc\u015f\u00fcncelerimi s\u00f6ylemeyi insanl\u0131k ve yurtta\u015fl\u0131k g\u00f6revim say\u0131yorum. [&hellip;]<\/p>\n","protected":false},"author":1,"featured_media":0,"comment_status":"open","ping_status":"open","sticky":false,"template":"","format":"standard","meta":[],"categories":[1],"tags":[],"_links":{"self":[{"href":"https:\/\/www.kocapinarnotlarim.com\/index.php?rest_route=\/wp\/v2\/posts\/1970"}],"collection":[{"href":"https:\/\/www.kocapinarnotlarim.com\/index.php?rest_route=\/wp\/v2\/posts"}],"about":[{"href":"https:\/\/www.kocapinarnotlarim.com\/index.php?rest_route=\/wp\/v2\/types\/post"}],"author":[{"embeddable":true,"href":"https:\/\/www.kocapinarnotlarim.com\/index.php?rest_route=\/wp\/v2\/users\/1"}],"replies":[{"embeddable":true,"href":"https:\/\/www.kocapinarnotlarim.com\/index.php?rest_route=%2Fwp%2Fv2%2Fcomments&post=1970"}],"version-history":[{"count":5,"href":"https:\/\/www.kocapinarnotlarim.com\/index.php?rest_route=\/wp\/v2\/posts\/1970\/revisions"}],"predecessor-version":[{"id":1981,"href":"https:\/\/www.kocapinarnotlarim.com\/index.php?rest_route=\/wp\/v2\/posts\/1970\/revisions\/1981"}],"wp:attachment":[{"href":"https:\/\/www.kocapinarnotlarim.com\/index.php?rest_route=%2Fwp%2Fv2%2Fmedia&parent=1970"}],"wp:term":[{"taxonomy":"category","embeddable":true,"href":"https:\/\/www.kocapinarnotlarim.com\/index.php?rest_route=%2Fwp%2Fv2%2Fcategories&post=1970"},{"taxonomy":"post_tag","embeddable":true,"href":"https:\/\/www.kocapinarnotlarim.com\/index.php?rest_route=%2Fwp%2Fv2%2Ftags&post=1970"}],"curies":[{"name":"wp","href":"https:\/\/api.w.org\/{rel}","templated":true}]}}