{"id":2016,"date":"2025-08-24T14:23:17","date_gmt":"2025-08-24T11:23:17","guid":{"rendered":"https:\/\/www.kocapinarnotlarim.com\/?p=2016"},"modified":"2025-09-28T21:25:25","modified_gmt":"2025-09-28T18:25:25","slug":"sevgili-gonenliler-bu-yazimi-lutfen-okur-musunuz","status":"publish","type":"post","link":"https:\/\/www.kocapinarnotlarim.com\/?p=2016","title":{"rendered":"SEVG\u0130L\u0130  G\u00d6NENL\u0130LER,  BU YAZIMI  L\u00dcTFEN OKUR MUSUNUZ !!!"},"content":{"rendered":"<p>Sevgili G\u00f6nenliler,<\/p>\n<p>Hem\u015ferinizim. Kocap\u0131narl\u0131y\u0131m. 83&#8217;\u00fcnc\u00fc ya\u015f\u0131m\u0131 t\u00fcketiyorum.\u00a0 Sava\u015ftepe \u0130lk\u00f6\u011fretim Okulu&#8217;ndan, \u0130stanbul E\u011fitim Enstit\u00fcs\u00fc T\u00fcrk\u00e7e b\u00f6l\u00fcm\u00fcnden ve Ankara Hukuk Fak\u00fcltesi&#8217;nden mezunum.<\/p>\n<p>Evliyim, bir o\u011flum, \u00fc\u00e7 k\u0131z\u0131m ve \u00fc\u00e7 torunum, birka\u00e7 y\u0131ld\u0131r\u00a0 elimden neredeyse hi\u00e7 ayr\u0131lmayan bir de bastonum var.\u00a0 \u00c7ok mutluyum ve sa\u011fl\u0131kl\u0131 say\u0131l\u0131r\u0131m.<\/p>\n<p>Ekmek kavgam\u0131n yakla\u015f\u0131k 30 y\u0131l\u0131n\u0131 e\u011fitim alan\u0131nda \u00f6\u011fretmen, y\u00f6netici ve m\u00fcfetti\u015f, sonraki 25 y\u0131l\u0131n\u0131 ise hukuk alan\u0131nda avukat olarak ge\u00e7irdim.\u00a0 \u00d6\u011fretmenlik y\u0131llar\u0131m\u0131n bir b\u00f6l\u00fcm\u00fcnde odun keserek ve badana, ya\u011fl\u0131 boya i\u015fleri yaparak bor\u00e7suz ya\u015famaya \u00e7al\u0131\u015ft\u0131m.\u00a0 Avukatl\u0131\u011f\u0131m\u0131n 15 y\u0131l\u0131nda Band\u0131rma&#8217;da, son 10 y\u0131l\u0131n\u0131 ise G\u00f6nen&#8217;de \u00e7al\u0131\u015farak ge\u00e7irdim. 2016 y\u0131l\u0131 ba\u015f\u0131nda hukuk b\u00fcromuzu ortak arkada\u015flar\u0131ma devrederek kendimi emekli ettim.<\/p>\n<p>O g\u00fcnden beri aral\u0131ks\u0131z olarak yeni bir d\u00fcnyada, bilim insanlar\u0131n\u0131n\u00a0 &#8220;Evren&#8217;in, cans\u0131z ve canl\u0131 do\u011fa&#8217;n\u0131n, di\u011fer canl\u0131 t\u00fcrlerinin ve\u00a0 insan&#8217;\u0131n t\u00fcreyi\u015fi, insan&#8217;\u0131n ilkel ya\u015fam ko\u015fullar\u0131ndan g\u00fcn\u00fcm\u00fczdeki ya\u015fama bi\u00e7imlerine kadar ge\u00e7irdi\u011fi evrime dair saptama ve a\u00e7\u0131klamalar\u0131n\u0131 bulup incelemeye \u00e7al\u0131\u015ft\u0131m. Hi\u00e7 bitmeyecekmi\u015f gibi g\u00f6r\u00fcnen bu \u00e7al\u0131\u015fma beni\u00a0 en sonunda topluma yabanc\u0131la\u015ft\u0131rm\u0131\u015ft\u0131.\u00a0 \u00a0Bunu fark edince deh\u015fete d\u00fc\u015ft\u00fcm ve aralar\u0131nda ya\u015famakta oldu\u011fum insanlar\u0131n sosyal, siyasal ve ekonomik ko\u015fullar i\u00e7inde d\u00fcped\u00fcz bunalm\u0131\u015f olduklar\u0131n\u0131, sorunlar\u0131n\u0131n \u00e7\u00f6z\u00fclmesi i\u00e7in ba\u015fta s\u0131k s\u0131k dualar okumakta iseler de bundan hi\u00e7 bir fayda g\u00f6rmediklerini fark ettim.<\/p>\n<p>Halk, \u00fclkeyi\u00a0 nas&#8217;lar\u0131 uygulayarak yoksulluk bata\u011f\u0131n\u0131\u00a0 biraz daha derinle\u015ftiren iktidar\u0131n bu k\u00f6t\u00fc s\u00fcre\u00e7teki sorumlulu\u011funu g\u00f6remiyor, dinsel inan\u00e7lar\u0131 kullanarak saltanat\u0131n\u0131 s\u00fcrd\u00fcrme oyununu anlayam\u0131yordu. Halk katlan\u0131lmaz derecede bunalm\u0131\u015f, kahvehanelerde, sokakta bu durumdan sorumlu g\u00f6rd\u00fcklerine \u00f6fkeyle s\u00f6v\u00fcp say\u0131yordu. Ne var ki Atat\u00fcrk&#8217;\u00fcn kurdu\u011fu bu devlette hala halk\u0131n devleti olma amac\u0131n\u0131 g\u00fcden bir\u00a0 C.H.P. vard\u0131 ve i\u00e7 sorunlar\u0131n\u0131 a\u015farak nihayet\u00a0 birinci hedefinin bu bask\u0131c\u0131, halk d\u00fc\u015fman\u0131,\u00a0 sermayeci iktidar\u0131\u00a0 demokratik yoldan sand\u0131\u011fa g\u00f6mebilecek oldu\u011funu nihayet hat\u0131rlam\u0131\u015ft\u0131. \u00d6te yandan yoksulluktan bunalan halk \u00f6fkesini meydanlarda, sokaklarda iktidar sahiplerine alenen s\u00f6v\u00fcp sayar duruma\u00a0 gelmi\u015f, bundan dolay\u0131 binlerce ki\u015fi sorumlu sand\u0131klar\u0131 ki\u015fileri protesto etmeye ba\u015flam\u0131\u015ft\u0131. Bundan dolay\u0131 binlerce ki\u015fi yarg\u0131lan\u0131yor, yakla\u015f\u0131k \u00fc\u00e7te biri kadar\u0131 mahkum oluyordu&#8230;<\/p>\n<p>Bu gidi\u015f en sonunda, haks\u0131zl\u0131ktan, adaletsizlikten, hukuksuzluktan bunalan\u00a0 halk ve C.H.P. nihayet meydanlarda bulu\u015fmaya ba\u015flad\u0131.<\/p>\n<p>Bu, yepyeni bir durumdur. C.H.P. kendini bu yeni ve umut verici duruma uyduracak yeni kadrolara kap\u0131lar\u0131n\u0131 a\u00e7mal\u0131 ve kap\u0131 a\u00e7ma i\u015fi temelden ba\u015flamal\u0131d\u0131r. i\u00e7inde bulundu\u011fumuz d\u00f6nem, C.H.P.&#8217;nin yeni il ve il\u00e7e y\u00f6netimlerinin se\u00e7ilmesi s\u00fcreci ya\u015fanacakt\u0131r.<\/p>\n<p>Bu nedenle \u00f6nce bir hat\u0131rlatmada bulunaca\u011f\u0131m: \u0130ktidar partisi ve akademik temsilcileri\u00a0 &#8220;Y\u00dcKSEK TAHS\u0130LL\u0130LER ARTTIK\u00c7A B\u0130Z\u0130M OYLARIMIZ D\u00dc\u015e\u00dcYOR. B\u0130Z, CAH\u0130LLER\u0130N FERASET\u0130NE G\u00dcVEN\u0130YORUZ.&#8221; demektedirler.<\/p>\n<p>Anlayabilenler i\u00e7in bu s\u00f6z, bir iktidar\u0131n bir millete a\u00e7\u0131k se\u00e7ik \u0130HANET itiraf\u0131d\u0131r. O halde C.H.P.&#8221;YE D\u00dc\u015eEN G\u00d6REV il\u00e7e ve il y\u00f6neticileri ile delegeleri se\u00e7erken \u00dcN\u0130VERS\u0130TE MEZUNU ADAYLARA \u00d6NCEL\u0130K TANIMAKTIR.<\/p>\n<p>Yaz\u0131m\u0131n ba\u015f\u0131nda kendi ge\u00e7mi\u015fimden s\u00f6z etmi\u015ftim. Amac\u0131m asla \u015fahs\u0131mla ilgili bir talepte bulunmak de\u011fildir. Seksen \u00fc\u00e7\u00fcnc\u00fc ya\u015f\u0131n\u0131 t\u00fcketmekte olan eli bastonlu bir ki\u015finin\u00a0 herhangi bir g\u00f6rev talep etmeyece\u011fini hepiniz takdir edersiniz.<\/p>\n<p>Yaz\u0131m\u0131 okumak zahmetine katland\u0131\u011f\u0131n\u0131z i\u00e7in te\u015fekk\u00fcr eder, hak, hukuk, adalet ve insanl\u0131k m\u00fccadelemizde ba\u015far\u0131lar dilerim. 24.08.2025,\u00a0 Remzi KISA, KOCAPINAR.<\/p>\n","protected":false},"excerpt":{"rendered":"<p>Sevgili G\u00f6nenliler, Hem\u015ferinizim. Kocap\u0131narl\u0131y\u0131m. 83&#8217;\u00fcnc\u00fc ya\u015f\u0131m\u0131 t\u00fcketiyorum.\u00a0 Sava\u015ftepe \u0130lk\u00f6\u011fretim Okulu&#8217;ndan, \u0130stanbul E\u011fitim Enstit\u00fcs\u00fc T\u00fcrk\u00e7e b\u00f6l\u00fcm\u00fcnden ve Ankara Hukuk Fak\u00fcltesi&#8217;nden mezunum. Evliyim, bir o\u011flum, \u00fc\u00e7 k\u0131z\u0131m ve \u00fc\u00e7 torunum, birka\u00e7 y\u0131ld\u0131r\u00a0 elimden neredeyse hi\u00e7 ayr\u0131lmayan bir de bastonum var.\u00a0 \u00c7ok mutluyum ve sa\u011fl\u0131kl\u0131 say\u0131l\u0131r\u0131m. Ekmek kavgam\u0131n yakla\u015f\u0131k 30 y\u0131l\u0131n\u0131 e\u011fitim alan\u0131nda \u00f6\u011fretmen, y\u00f6netici ve m\u00fcfetti\u015f, sonraki [&hellip;]<\/p>\n","protected":false},"author":1,"featured_media":0,"comment_status":"open","ping_status":"open","sticky":false,"template":"","format":"standard","meta":[],"categories":[1],"tags":[],"_links":{"self":[{"href":"https:\/\/www.kocapinarnotlarim.com\/index.php?rest_route=\/wp\/v2\/posts\/2016"}],"collection":[{"href":"https:\/\/www.kocapinarnotlarim.com\/index.php?rest_route=\/wp\/v2\/posts"}],"about":[{"href":"https:\/\/www.kocapinarnotlarim.com\/index.php?rest_route=\/wp\/v2\/types\/post"}],"author":[{"embeddable":true,"href":"https:\/\/www.kocapinarnotlarim.com\/index.php?rest_route=\/wp\/v2\/users\/1"}],"replies":[{"embeddable":true,"href":"https:\/\/www.kocapinarnotlarim.com\/index.php?rest_route=%2Fwp%2Fv2%2Fcomments&post=2016"}],"version-history":[{"count":8,"href":"https:\/\/www.kocapinarnotlarim.com\/index.php?rest_route=\/wp\/v2\/posts\/2016\/revisions"}],"predecessor-version":[{"id":2025,"href":"https:\/\/www.kocapinarnotlarim.com\/index.php?rest_route=\/wp\/v2\/posts\/2016\/revisions\/2025"}],"wp:attachment":[{"href":"https:\/\/www.kocapinarnotlarim.com\/index.php?rest_route=%2Fwp%2Fv2%2Fmedia&parent=2016"}],"wp:term":[{"taxonomy":"category","embeddable":true,"href":"https:\/\/www.kocapinarnotlarim.com\/index.php?rest_route=%2Fwp%2Fv2%2Fcategories&post=2016"},{"taxonomy":"post_tag","embeddable":true,"href":"https:\/\/www.kocapinarnotlarim.com\/index.php?rest_route=%2Fwp%2Fv2%2Ftags&post=2016"}],"curies":[{"name":"wp","href":"https:\/\/api.w.org\/{rel}","templated":true}]}}