{"id":2158,"date":"2026-04-30T04:05:26","date_gmt":"2026-04-30T01:05:26","guid":{"rendered":"https:\/\/www.kocapinarnotlarim.com\/?p=2158"},"modified":"2026-04-30T04:29:18","modified_gmt":"2026-04-30T01:29:18","slug":"ortaginca-kandirilan-bir-sirket-yoneticisinin-seyi","status":"publish","type":"post","link":"https:\/\/www.kocapinarnotlarim.com\/?p=2158","title":{"rendered":"ORTA\u011eINCA  KANDIRILAN  B\u0130R  \u015e\u0130RKET  Y\u00d6NET\u0130C\u0130S\u0130N\u0130N  \u015eEY\u0130&#8230;"},"content":{"rendered":"<p>Bir vakitler adam\u0131n biri memleketin birinde, halka hizmet amac\u0131yla kurulmu\u015f y\u00fcz y\u0131ll\u0131k\u00a0 bir \u015firketin y\u00f6netimini her nas\u0131lsa ele ge\u00e7irmi\u015f; Ya Allah Bismillah diyerek i\u015fe ba\u015flam\u0131\u015f. Pek \u00e7ok \u015firket y\u00f6neticisi gibi \u00f6nceleri m\u00fc\u015fterilerine ho\u015f g\u00f6r\u00fcnerek, kanaatkar san\u0131lacak bi\u00e7imde\u00a0 fiyat politikalar\u0131 uygulam\u0131\u015f. Gidi\u015fattan alan memnun, satan memnun olmu\u015f. Sonra usul usul as\u0131l amac\u0131n\u0131 a\u00e7\u0131\u011fa vuracak tav\u0131rlar geli\u015ftirmeye ba\u015flam\u0131\u015f\u00a0 hazret; \u015firketine sermayesi\u00a0 \u00e7ok,\u00a0 reklam ve m\u00fc\u015fteri toplamada y\u00fcksek yetenekli,\u00a0 he\u015f i\u015ften anlayan bir ortak aday\u0131 aram\u0131\u015f, bulmu\u015f da.\u00a0 Ya da o aday \u015firketin y\u00f6neticisini bulmu\u015f. Her nas\u0131lsa, tencere yuvarlanm\u0131\u015f, kapa\u011f\u0131n\u0131 bulmu\u015f i\u015fte. \u00d6yle bir ortak ki b\u00f6ylesi ne yerde ne g\u00f6kte bulunur; tastamam Allah vergisi. Yurt i\u00e7inde de yurt d\u0131\u015f\u0131nda da yoluna can verecek binlerce, y\u00fcz binlerce yanda\u015f\u0131, fedaisi varm\u0131\u015f. B\u00f6ylesi\u00a0 ortak dostlar ba\u015f\u0131na!\u00a0 Hi\u00e7 ka\u00e7\u0131r\u0131l\u0131r m\u0131 ? Asla! \u00dcstelik kendisi i\u00e7in ortakl\u0131kta bir\u00a0 s\u0131fat,\u00a0 bir makam da istemiyor. Oh ne ala, ne ala. Yeme de yan\u0131nda yat derler buna&#8230;<\/p>\n<p>Bizim \u015firket y\u00f6neticisi yurt i\u00e7indeki piyasay\u0131 \u00e7ekip \u00e7evirme azim ve kararl\u0131l\u0131\u011f\u0131nda iken yeni ortak t\u00fcm d\u00fcnya pazarlar\u0131na konmay\u0131 hayal etti\u011finden, yurt i\u00e7inde g\u00f6z\u00fc olmad\u0131\u011f\u0131n\u0131, ortakl\u0131\u011f\u0131n resmi olmayaca\u011f\u0131n\u0131, ancak kendisince yeti\u015ftirilmi\u015f, denenmi\u015f, g\u00fcvenilir elemanlar\u0131n\u0131 \u015firketin t\u00fcm yurttaki \u015fubelerinde g\u00f6revlendirmek istedi\u011fini beyan etmi\u015f. \u0130yi mi? \u0130yi, iyi., \u00e7ok iyi. &#8220;Bundan iyisi \u015eam&#8217;da kay\u0131s\u0131.&#8221;<\/p>\n<p>Biri resmi, di\u011feri gay\u0131resmi iki ortak \u015firketi \u00f6yle y\u00f6netmi\u015fler ki piyasay\u0131 soyup so\u011fana \u00e7evirmi\u015fler. Kazan\u00e7lar\u0131 kasalar\u0131, depolar\u0131 t\u0131kabasa doldurmaya ba\u015flay\u0131nca iki ortak aras\u0131nda h\u0131rla\u015fma ba\u015flam\u0131\u015f. \u015eubelerdeki y\u00f6neticiler yeni orta\u011f\u0131n adamlar\u0131 oldu\u011fundan yeni ortak bir darbeyle resmi orta\u011f\u0131 ala\u015fa\u011f\u0131 etmeye karar vermi\u015f.\u00a0 Ne var ki resmi ortak durumu anlay\u0131p \u015firketin m\u00fc\u015fterilerini harekete ge\u00e7irerek\u00a0 gayr\u0131 resmi orta\u011f\u0131 etkisiz hale getirmi\u015f. Tabii, olay k\u0131sa s\u00fcrede halk\u0131n diline d\u00fc\u015fm\u00fc\u015f.\u00a0 Bilen de bilmeyen de bin t\u00fcrl\u00fc hikayeler uydurup anlatm\u0131\u015f\u00a0 ortaklar aras\u0131ndaki kavgaya dair: Yok efendim \u015firketin kay\u0131t d\u0131\u015f\u0131 bir gemi dolusu dolar\u0131 varm\u0131\u015f da bunun payla\u015f\u0131m\u0131nda \u00e7\u0131ngar \u00e7\u0131km\u0131\u015f da, \u015fu olmu\u015f da bu olmu\u015f da falan. \u0130ki ortak aras\u0131ndaki \u00e7at\u0131\u015fman\u0131n ger\u00e7ek nedenini biz nas\u0131l bilebiliriz ki?<\/p>\n<p>Resmi ortak, bu karga\u015fadan zarar g\u00f6ren \u015firket m\u00fc\u015fterilerinin bitmek t\u00fckenmek bilmeyen yo\u011fun dedikodular\u0131 \u00fczerine \u015f\u00f6yle bir a\u00e7\u0131klama yapm\u0131\u015f:<\/p>\n<p>&#8220;\u0130yi niyetimi, saf ve tertemiz kalbimi, y\u00fcce halk\u0131m\u0131za hizmet a\u015fk\u0131m\u0131 istismar etmek suretiyle\u00a0 beni maalesef kand\u0131rarak, aldatarak \u015firketimizin t\u00fcm \u015fubelerinin y\u00f6netimlerini ele ge\u00e7irmi\u015f ve beni ala\u015fa\u011f\u0131 etmek i\u00e7in kand\u0131rabildi\u011fi herkesi harekete ge\u00e7irerek \u015firketimizi kendi mal varl\u0131\u011f\u0131na katmaya kalk\u0131\u015fm\u0131\u015ft\u0131r. Bu, \u00e7ok a\u011f\u0131r bir su\u00e7tur ve hesab\u0131 mutlaka sorulacakt\u0131r. Bu s\u00fcre\u00e7te o al\u00e7a\u011f\u0131n taraf\u0131nda yer tutan herkes su\u00e7ludur ve kendilerinden, yak\u0131nlar\u0131ndan hesap sorulacakt\u0131r.\u00a0 Onlar bulunduklar\u0131 ortamlardan, i\u015flerinden\u00a0 \u00e7\u0131kar\u0131l\u0131p a\u00e7, susuz ve \u00e7\u0131plak olarak ortal\u0131kta b\u0131rak\u0131lacakt\u0131r. Ben kendi kand\u0131r\u0131lmamdan dolay\u0131 Allahtan ve halk\u0131mdan\u00a0 af diledim. Onlarsa af dileyemezler. Onlar\u0131 affedecek hi\u00e7 bir g\u00fc\u00e7, hi\u00e7 bir makam yoktur Tek yetkili, tek g\u00fc\u00e7 sahibi benim.\u00a0 Ben, ben, ben.\u00a0 Ben ben ben de ben! Var m\u0131 ulan bana yan bakan ?&#8221;<\/p>\n<p>Ben ben benli\u011fi diline pelesenk olmu\u015f. Y\u0131llardan beri s\u00f6yler dururmu\u015f.<\/p>\n<p>S\u00f6ylesin dursun mu? Yetsin art\u0131k, b\u0131kt\u0131k yahu desek mi? Duyar m\u0131 ki?<\/p>\n<p>B\u00f6yle y\u00f6neticilerin y\u00f6netti\u011fi \u015firketlerin ortaklar\u0131na, m\u00fc\u015fterilerine\u00a0 bolca sab\u0131r ve selametten ba\u015fka ne dilenir ki? Direni\u015f mi? De\u011fi\u015ftirmek mi? \u00d6yle \u00e7\u00f6z\u00fcm yollar\u0131 da m\u0131 var yani? Sahi mi? Daha neler duyaca\u011f\u0131z!<\/p>\n<p>29.4.2026. Remzi\u00a0 KISA, Kocap\u0131nar Notlar\u0131m.<\/p>\n","protected":false},"excerpt":{"rendered":"<p>Bir vakitler adam\u0131n biri memleketin birinde, halka hizmet amac\u0131yla kurulmu\u015f y\u00fcz y\u0131ll\u0131k\u00a0 bir \u015firketin y\u00f6netimini her nas\u0131lsa ele ge\u00e7irmi\u015f; Ya Allah Bismillah diyerek i\u015fe ba\u015flam\u0131\u015f. Pek \u00e7ok \u015firket y\u00f6neticisi gibi \u00f6nceleri m\u00fc\u015fterilerine ho\u015f g\u00f6r\u00fcnerek, kanaatkar san\u0131lacak bi\u00e7imde\u00a0 fiyat politikalar\u0131 uygulam\u0131\u015f. Gidi\u015fattan alan memnun, satan memnun olmu\u015f. Sonra usul usul as\u0131l amac\u0131n\u0131 a\u00e7\u0131\u011fa vuracak tav\u0131rlar geli\u015ftirmeye [&hellip;]<\/p>\n","protected":false},"author":1,"featured_media":0,"comment_status":"open","ping_status":"open","sticky":false,"template":"","format":"standard","meta":[],"categories":[1],"tags":[],"_links":{"self":[{"href":"https:\/\/www.kocapinarnotlarim.com\/index.php?rest_route=\/wp\/v2\/posts\/2158"}],"collection":[{"href":"https:\/\/www.kocapinarnotlarim.com\/index.php?rest_route=\/wp\/v2\/posts"}],"about":[{"href":"https:\/\/www.kocapinarnotlarim.com\/index.php?rest_route=\/wp\/v2\/types\/post"}],"author":[{"embeddable":true,"href":"https:\/\/www.kocapinarnotlarim.com\/index.php?rest_route=\/wp\/v2\/users\/1"}],"replies":[{"embeddable":true,"href":"https:\/\/www.kocapinarnotlarim.com\/index.php?rest_route=%2Fwp%2Fv2%2Fcomments&post=2158"}],"version-history":[{"count":9,"href":"https:\/\/www.kocapinarnotlarim.com\/index.php?rest_route=\/wp\/v2\/posts\/2158\/revisions"}],"predecessor-version":[{"id":2167,"href":"https:\/\/www.kocapinarnotlarim.com\/index.php?rest_route=\/wp\/v2\/posts\/2158\/revisions\/2167"}],"wp:attachment":[{"href":"https:\/\/www.kocapinarnotlarim.com\/index.php?rest_route=%2Fwp%2Fv2%2Fmedia&parent=2158"}],"wp:term":[{"taxonomy":"category","embeddable":true,"href":"https:\/\/www.kocapinarnotlarim.com\/index.php?rest_route=%2Fwp%2Fv2%2Fcategories&post=2158"},{"taxonomy":"post_tag","embeddable":true,"href":"https:\/\/www.kocapinarnotlarim.com\/index.php?rest_route=%2Fwp%2Fv2%2Ftags&post=2158"}],"curies":[{"name":"wp","href":"https:\/\/api.w.org\/{rel}","templated":true}]}}